{"id":415,"date":"2014-02-05T22:25:09","date_gmt":"2014-02-05T21:25:09","guid":{"rendered":"http:\/\/www.nsu-nebenklage.de\/tr\/?p=415"},"modified":"2014-02-20T10:37:37","modified_gmt":"2014-02-20T09:37:37","slug":"05-02-2014","status":"publish","type":"post","link":"https:\/\/www.nsu-nebenklage.de\/tr\/2014\/02\/05\/05-02-2014\/","title":{"rendered":"05.02.2014"},"content":{"rendered":"<h3>\u00a0Yalanlar ve &#8216;masum&#8217; gibi g\u00f6sterme \u00e7abalar\u0131-3<\/h3>\n<p>Bug\u00fcnk\u00fc duru\u015fmada, B\u00f6hnhardt, Mundlos, Zsch\u00e4pe, Gerlach, Schultze ve Wohlleben&#8217;in en yak\u0131n &#8221;yolda\u015flar\u0131ndan&#8221; biri olan Andr\u00e9 Kapke ikinci kez sorguya \u00e7ekildi. Kapke yine pervas\u0131zca davrand\u0131, durmadan haf\u0131za bo\u015fluklar\u0131n\u0131, hat\u0131rlamad\u0131\u011f\u0131n\u0131 ileri s\u00fcrd\u00fc. Mahkeme ba\u015fkan\u0131 G\u00f6tzl yine Kapke&#8217;nin yaratt\u0131\u011f\u0131 bu engelle ba\u015fa \u00e7\u0131kmak i\u00e7in yeterince \u00fcst\u00fcne gitmeye \u00e7al\u0131\u015fmad\u0131.<\/p>\n<p>Th\u00fcringen Vatan Savunma (Th\u00fcringer Heimatschutz) \u00f6rg\u00fct\u00fcn\u00fcn t\u00fcm NSU cinayetleriyle ilgisi olan Jenal\u0131 alt gruplar, kamuya ait telefon kabinleri ve bir &#8221;de\u015fifre tablosu&#8221; ile birlikte iyi bir ileti\u015fim sistemlerine sahip olduklar\u0131n\u0131 yani olduk\u00e7a gizli \u00e7al\u0131\u015ft\u0131klar\u0131n\u0131 ortaya koymaktad\u0131r. Kapke, &#8216;\u00dc\u00e7l\u00fc&#8217;y\u00fc ka\u00e7malar\u0131nda ve en az\u0131ndan yasad\u0131\u015f\u0131 olmaya ba\u015flad\u0131klar\u0131nda desteklemi\u015fti. O, muhbir Tino Brandt&#8217;\u0131n arac\u0131l\u0131\u011f\u0131nda &#8216;\u00dc\u00e7l\u00fc&#8217; i\u00e7in olan sahte pasaportlar\u0131 temin etti\u011fini de tekrar bildirdi.<\/p>\n<p>Kapke ilk kez k\u00f6\u015feye s\u0131k\u0131\u015fm\u0131\u015ft\u0131 ki, Zsch\u00e4pe&#8217;nin savunma avukatlar\u0131 hakimin reddi ba\u015fvurusunda bulundu\u011fu i\u00e7in sorgulamas\u0131 yar\u0131m kald\u0131: Hakim Lang ve avukat Heer, &#8221;HV NSU&#8221; ba\u015fl\u0131kl\u0131 dosya ile ter\u00f6r \u00f6rg\u00fct\u00fc NSU&#8217;nun varl\u0131\u011f\u0131n\u0131n zaten kan\u0131tland\u0131\u011f\u0131n\u0131 dile getirmi\u015f ve bundan dolay\u0131 da pe\u015fin h\u00fck\u00fcm vermi\u015f oluyordu. Her ne kadar hakimin reddi ba\u015fvurusunun ba\u015far\u0131 \u015fans\u0131n\u0131n olmamas\u0131na ra\u011fmen, duru\u015fmay\u0131 \u00f6\u011fle aras\u0131 sonras\u0131na kadar geciktirmeyi ba\u015far\u0131yor. K\u00f6\u015feye s\u0131k\u0131\u015fan Kapke de soluklanma f\u0131rsat\u0131 yakalam\u0131\u015f oldu.<\/p>\n<p>G\u00f6tzl, Wohlleben taraf\u0131ndan 1998 y\u0131l\u0131na ait Kapke i\u00e7in yap\u0131lan ve i\u00e7inde yakla\u015f\u0131k olarak Ignatz Bubis&#8217;e kar\u015f\u0131 a\u00e7\u0131k \u00f6l\u00fcm \u00e7a\u011fr\u0131lar\u0131n\u0131n oldu\u011fu ve Holocaust kurbanlar\u0131n\u0131n a\u015fa\u011f\u0131land\u0131\u011f\u0131 &#8221;do\u011fumg\u00fcn\u00fc gazetesi&#8221;ne dair \u00e7ok detayl\u0131 sorular sordu. Kapke bunu &#8221;mizahi, abart\u0131l\u0131&#8221; bir anlat\u0131m olarak nitelendirdi. O&#8217;nun tam da b\u00f6ylesi pozisyonlar\u0131 bug\u00fcne kadar ald\u0131\u011f\u0131 belliydi.<\/p>\n<p>Federal ba\u015fsavc\u0131l\u0131k sorgusunda daha g\u00fc\u00e7l\u00fc bir bask\u0131 kurdu ve en az\u0131ndan birka\u00e7 \u00f6nemli yan\u0131t\u0131 aktard\u0131:<\/p>\n<ul>\n<li>B\u00f6hnhardt, Mundlos, Gerlach ve Kapke Jena Nazi gruplar\u0131ndaki ba\u015fl\u0131ca ki\u015filerdi. Onlar, b\u00f6lgeler\u00fcst\u00fc olan &#8221;\u00c7ar\u015famba toplant\u0131lar\u0131&#8221; \u00fczerinden iyi bir ileti\u015fim a\u011flar\u0131 vard\u0131.<\/li>\n<li>&#8216;Pogromly&#8217; adl\u0131 antisemitizm i\u00e7erikli oyun hepsi taraf\u0131ndan zevkle oynand\u0131.<\/li>\n<li>Kapke ve Wohlleben, Schultze&#8217;nin ortadan kaybolarak saklananlar\u0131 g\u00f6zetme ve korumas\u0131 hakk\u0131nda konu\u015fmu\u015flard\u0131.<\/li>\n<\/ul>\n<p>Ba\u015fkan\u0131n &#8216;s\u0131k\u0131 savunma yapan&#8217; Nazi tan\u0131k ile hayret verici yumu\u015fak ve esnek olan davran\u0131\u015f\u0131 \u015fu olay\u0131 ortaya koydu: Savc\u0131 Weingarten Kapke&#8217;nin s\u00f6zde haf\u0131za bo\u015fluklar\u0131na yar\u0131s\u0131n\u0131 G\u00f6tzl&#8217;e y\u00f6nelten c\u00fcmleyle tepki g\u00f6sterdi: &#8221;e\u011fer sadece soru sorma de\u011fil sorgulama hakk\u0131na sahip olsayd\u0131m, size \u015fimdi \u00e7abucak harekete ge\u00e7menizi kesinlikle tavsiye ederdim&#8221;. Ancak G\u00f6tzl, O&#8217;nun taraf\u0131na ge\u00e7medi, sadece sessiz kald\u0131.<\/p>\n<p>G\u00f6tzl&#8217;\u00fcn bu davada yalan s\u00f6yleyen Nazi tan\u0131\u011fa &#8216;tatl\u0131l\u0131kla dokunmas\u0131&#8217; \u00e7ok fazla rahats\u0131zl\u0131k veriyor. \u00c7\u00fcnk\u00fc her \u015feyden \u00f6nce, Nazi gruplar\u0131n\u0131n mahkemeyle oyun oynad\u0131\u011f\u0131 hissi olu\u015fuyor. Bu durum ger\u00e7ekte muhakkak olaylar\u0131n ayd\u0131nlanaca\u011f\u0131na dair verilen resmi bozuyor. Ancak G\u00f6tzl daha ileriye gidecek bir ayd\u0131nlanma de\u011fil, sadece iddia edildi\u011fi \u00f6l\u00e7\u00fcde bir h\u00fckm\u00fc karara ba\u011flamay\u0131 istiyor. Bunun i\u00e7in mevcut deliller ona g\u00f6re yeterlidir. O, para cezas\u0131 ve tazyik hapsi \u00fczerine tart\u0131\u015fmalarla kendini yarg\u0131 s\u00fcrecinde zora sokmak istemiyor.<\/p>\n<p>Sorgulamaya m\u00fcdahil davac\u0131larla gelecek haftalarda ba\u015fka bir g\u00fcn devam edilecek.<\/p>\n","protected":false},"excerpt":{"rendered":"<p>\u00a0Yalanlar ve &#8216;masum&#8217; gibi g\u00f6sterme \u00e7abalar\u0131-3 Bug\u00fcnk\u00fc duru\u015fmada, B\u00f6hnhardt, Mundlos, Zsch\u00e4pe, Gerlach, Schultze ve Wohlleben&#8217;in en yak\u0131n &#8221;yolda\u015flar\u0131ndan&#8221; biri olan Andr\u00e9 Kapke ikinci kez sorguya \u00e7ekildi. Kapke yine pervas\u0131zca davrand\u0131, durmadan haf\u0131za bo\u015fluklar\u0131n\u0131, hat\u0131rlamad\u0131\u011f\u0131n\u0131 ileri s\u00fcrd\u00fc. Mahkeme ba\u015fkan\u0131 G\u00f6tzl yine Kapke&#8217;nin yaratt\u0131\u011f\u0131 bu engelle ba\u015fa \u00e7\u0131kmak i\u00e7in yeterince \u00fcst\u00fcne gitmeye \u00e7al\u0131\u015fmad\u0131. Th\u00fcringen Vatan Savunma (Th\u00fcringer [&hellip;]<\/p>\n","protected":false},"author":1,"featured_media":0,"comment_status":"closed","ping_status":"closed","sticky":false,"template":"","format":"standard","meta":{"_s2mail":"","footnotes":""},"categories":[1],"tags":[],"class_list":["post-415","post","type-post","status-publish","format-standard","hentry","category-allgemein"],"_links":{"self":[{"href":"https:\/\/www.nsu-nebenklage.de\/tr\/wp-json\/wp\/v2\/posts\/415","targetHints":{"allow":["GET"]}}],"collection":[{"href":"https:\/\/www.nsu-nebenklage.de\/tr\/wp-json\/wp\/v2\/posts"}],"about":[{"href":"https:\/\/www.nsu-nebenklage.de\/tr\/wp-json\/wp\/v2\/types\/post"}],"author":[{"embeddable":true,"href":"https:\/\/www.nsu-nebenklage.de\/tr\/wp-json\/wp\/v2\/users\/1"}],"replies":[{"embeddable":true,"href":"https:\/\/www.nsu-nebenklage.de\/tr\/wp-json\/wp\/v2\/comments?post=415"}],"version-history":[{"count":0,"href":"https:\/\/www.nsu-nebenklage.de\/tr\/wp-json\/wp\/v2\/posts\/415\/revisions"}],"wp:attachment":[{"href":"https:\/\/www.nsu-nebenklage.de\/tr\/wp-json\/wp\/v2\/media?parent=415"}],"wp:term":[{"taxonomy":"category","embeddable":true,"href":"https:\/\/www.nsu-nebenklage.de\/tr\/wp-json\/wp\/v2\/categories?post=415"},{"taxonomy":"post_tag","embeddable":true,"href":"https:\/\/www.nsu-nebenklage.de\/tr\/wp-json\/wp\/v2\/tags?post=415"}],"curies":[{"name":"wp","href":"https:\/\/api.w.org\/{rel}","templated":true}]}}