{"id":422,"date":"2014-02-17T12:30:48","date_gmt":"2014-02-17T11:30:48","guid":{"rendered":"http:\/\/www.nsu-nebenklage.de\/tr\/?p=422"},"modified":"2014-02-17T12:39:05","modified_gmt":"2014-02-17T11:39:05","slug":"17-02-2014","status":"publish","type":"post","link":"https:\/\/www.nsu-nebenklage.de\/tr\/2014\/02\/17\/17-02-2014\/","title":{"rendered":"17.02.2014"},"content":{"rendered":"<h5>Olaylar\u0131n ayd\u0131nlat\u0131lmas\u0131 sona m\u0131 erdi? Sonu\u00e7lar \u00f6l\u00e7\u00fclebilir nitelikte mi?<\/h5>\n<h5>NSU\u2019nun seri cinayet ve sald\u0131r\u0131lar\u0131nda yaralananlar ve kurban yak\u0131nlar\u0131 olaylar\u0131n t\u00fcm ayr\u0131nt\u0131lar\u0131yla a\u00e7\u0131kl\u0131\u011fa kavu\u015fturulmas\u0131n\u0131 talep etmeye devam ediyor ve soru\u015fturma makamlar\u0131 ile siyasi sorumlular\u0131 ele\u015ftiriyorlar.<\/h5>\n<h5>NSU taraf\u0131ndan \u00f6ld\u00fcr\u00fclenlerin yak\u0131nlar\u0131, olaylarda yaralananlar ve ma\u011fdur avukatlar\u0131, Federal \u015eans\u00f6lye Angela Merkel\u2019in \u201colaylar\u0131n ayr\u0131nt\u0131l\u0131 bir \u015fekilde ayd\u0131nlat\u0131laca\u011f\u0131\u201d y\u00f6n\u00fcndeki vaadinden iki y\u0131l sonra g\u00f6zleri a\u00e7an nitelikte bir ara bilan\u00e7o \u00e7\u0131kard\u0131lar.<\/h5>\n<p>Federal \u015eans\u00f6lye Angela Merkel, NSU\u2019nun cinayet eylemlerine ve bombal\u0131 sald\u0131r\u0131lar\u0131na kurban olanlar i\u00e7in 23 \u015eubat 2012 g\u00fcn\u00fc Berlin\u2019de d\u00fczenlenen anma t\u00f6reninde <em>\u201cAlmanya Federal Cumhuriyeti\u2019nin \u015eans\u00f6lyesi olarak size s\u00f6z veriyorum: Cinayetleri ayd\u0131nlatmak, bunlara yard\u0131mc\u0131 olanlar\u0131 ve arka plandaki isimleri ortaya \u00e7\u0131karmak ve t\u00fcm failleri hak ettikleri \u015fekilde cezaland\u0131rmak i\u00e7in elimizden gelen her \u015feyi yap\u0131yoruz. Yetkili t\u00fcm Federal ve eyalet birimleri b\u00fcy\u00fck bir h\u0131zla bunun i\u00e7in \u00e7al\u0131\u015f\u0131yorlar.\u201d<\/em><\/p>\n<p>B\u00fct\u00fcn kat\u0131l\u0131mc\u0131lar b\u00f6ylesine bir \u00e7al\u0131\u015fman\u0131n kapsaml\u0131 olaca\u011f\u0131n\u0131n ve zaman alaca\u011f\u0131n\u0131n bilincindeydi. Ancak, NSU\u2019nun varl\u0131\u011f\u0131 resmi olarak yaln\u0131zca iki y\u0131ldan bu yana bilinmekle birlikte, yap\u0131lacaklar listesindeki maddelerin \u00fczerinin \u00e7izilmesine \u00e7oktan ba\u015fland\u0131. Kurban yak\u0131nlar\u0131n\u0131n ve yaral\u0131lar\u0131n hakl\u0131 menfaatleri -bilhassa olaylar\u0131n ayd\u0131nlat\u0131lmas\u0131- Federal Savc\u0131l\u0131k taraf\u0131ndan \u201ccan s\u0131k\u0131c\u0131 bir madde\u201d olarak \u00e7oktan en sona at\u0131ld\u0131. Elzem olan siyasi ve toplumsal tart\u0131\u015fmalar Federal Meclis NSU Ara\u015ft\u0131rma Komisyonu\u2019nun raporuyla birlikte neredeyse kapanm\u0131\u015f g\u00f6r\u00fcn\u00fcyor. Ara\u015ft\u0131rma Komisyonunun tekrar olu\u015fturulmas\u0131na ili\u015fkin ana talep Federal Meclis\u2019in b\u00fcy\u00fck bir \u00e7o\u011funlu\u011fu taraf\u0131ndan reddediliyor. Kurban yak\u0131nlar\u0131n\u0131n ve yaral\u0131lar\u0131n \u00f6nemli sorular\u0131 halen cevap bulmu\u015f de\u011fil:<\/p>\n<p style=\"padding-left: 30px;\">NSU a\u011f\u0131nda kimler faaliyet g\u00f6steriyordu? Yurtd\u0131\u015f\u0131 ile hangi ili\u015fkiler kurulmu\u015ftu? Olay b\u00f6lgesinde kimler yard\u0131mc\u0131 olmu\u015ftu? Kurban se\u00e7imi nas\u0131l ger\u00e7ekle\u015fiyordu?<\/p>\n<p style=\"padding-left: 30px;\">NSU kendisini nas\u0131l finanse ediyordu? Eylemlerini planlarken ve uygularken devletin paras\u0131ndan yararlanm\u0131\u015f m\u0131yd\u0131?<\/p>\n<p style=\"padding-left: 30px;\">Gizli istihbarat te\u015fkilatlar\u0131 1998 y\u0131l\u0131 ile 4 Kas\u0131m 2011 tarihleri aras\u0131nda ne kadar ve hangi bilgilere sahiptiler? Muhbirler ya da muhbirlerden sorumlu yetkililer eylemleri te\u015fvik ettiler mi, m\u00fcmk\u00fcn k\u0131ld\u0131lar m\u0131, eylemlerin \u00fczerini \u00f6rtt\u00fcler mi?<\/p>\n<p style=\"padding-left: 30px;\">Th\u00fcringen\u2019deki Neonazi \u00e7evreleri ile yak\u0131n ili\u015fki i\u00e7inde olan yedi muhbire ili\u015fkin dosyalar 11 Kas\u0131m 2011\u2019de ni\u00e7in imha edildi?<\/p>\n<p>Siyasi sorumlular, bu sorulara cevap arayan kurban yak\u0131nlar\u0131 kar\u015f\u0131s\u0131nda, s\u00fcrekli olarak M\u00fcnih Y\u00fcksek Eyalet Mahkemesi nezdindeki Beate Zsch\u00e4pe davas\u0131na ya da soru\u015fturma birimlerinin \u00e7al\u0131\u015fmalar\u0131na i\u015faret ediyorlar. O tarafta ise, \u00f6zellikle Federal Savc\u0131l\u0131k bu sorular\u0131 dava d\u0131\u015f\u0131nda tutmak i\u00e7in elinden gelen t\u00fcm \u00e7abay\u0131 g\u00f6steriyor ve ceza mahkemesinin bir ara\u015ft\u0131rma komisyonu olmad\u0131\u011f\u0131na dikkat \u00e7ekiyor.<\/p>\n<h5>Dosyalar a\u00e7\u0131\u011fa vurulmuyor<\/h5>\n<p>Dosyalar\u0131n -say\u0131s\u0131 bilinmeyen di\u011fer zanl\u0131lar\u0131n dosyalar\u0131n\u0131n- incelenmesi fiilen m\u00fcmk\u00fcn k\u0131l\u0131nm\u0131yor ya da buna izin verilmiyor. Soru\u015fturmalar\u0131n ba\u015flang\u0131c\u0131nda, yaral\u0131lar ve NSU taraf\u0131ndan \u00f6ld\u00fcr\u00fclenlerin ailelerine kar\u015f\u0131 i\u015fbirli\u011fi ve \u015feffafl\u0131\u011fa b\u00fcy\u00fck \u00f6nem verdi\u011fini g\u00f6stermeye \u00e7al\u0131\u015fan Federal Savc\u0131, bug\u00fcn adeta bir at g\u00f6zl\u00fc\u011f\u00fc takm\u0131\u015f\u00e7as\u0131na t\u00fcm ayd\u0131nlatma \u00e7abalar\u0131n\u0131 bloke etmeye \u00e7al\u0131\u015f\u0131yor. Federal Savc\u0131n\u0131n bu \u00e7abas\u0131, yaln\u0131zca dava iddianamesindeki noktalar\u0131n halledilmesinin \u00f6tesinde bir \u00e7abad\u0131r.<\/p>\n<p>Federal Savc\u0131, b\u00f6ylelikle NSU kurbanlar\u0131n\u0131n hakl\u0131 menfaatlerini ve haklar\u0131n\u0131 g\u00f6z ard\u0131 etmektedir. Federal Savc\u0131, g\u00f6r\u00fcn\u00fc\u015fe g\u00f6re bu haklar\u0131 gereksiz bir dava y\u00fck\u00fc haline getirmekte ya da iddianamenin y\u00fczeysel bir \u015fekilde kabul edilmesi \u00e7er\u00e7evesinde adeta bu haklar\u0131 bir fig\u00fcran seviyesine d\u00fc\u015f\u00fcrmektedir.<\/p>\n<p>Bu izlenim yaln\u0131zca Federal Savc\u0131n\u0131n davran\u0131\u015flar\u0131yla s\u0131n\u0131rl\u0131 de\u011fildir. 21 \u015eubat g\u00fcn\u00fc Federal Meclis\u2019teki Genel Kurul toplant\u0131s\u0131nda NSU olay\u0131ndan \u00e7\u0131kan sonu\u00e7lar\u0131n yeniden ele al\u0131nmas\u0131 ve tart\u0131\u015f\u0131lmas\u0131 \u00f6ng\u00f6r\u00fclm\u00fc\u015ft\u00fcr. Bu toplant\u0131da, t\u00fcm Meclis gruplar\u0131n\u0131n b\u00fcy\u00fck bir mutabakatla bir \u00f6nceki yasama d\u00f6nemindeki Ara\u015ft\u0131rma Komisyonunun tavsiyelerinin ger\u00e7ekten uygulanmas\u0131na vurgu yapmalar\u0131 beklenmektedir. Ancak, bahsekonu raporda kat\u0131l\u0131mc\u0131lar, soru\u015fturma makamlar\u0131n\u0131n, bas\u0131n\u0131n ve toplumun sergiledi\u011fi ba\u015far\u0131s\u0131zl\u0131kta yap\u0131sal ve kurumsal \u0131rk\u00e7\u0131l\u0131k sorununun a\u00e7\u0131k bir \u015fekilde bir neden te\u015fkil edip etmedi\u011fi konusunda mutabakata varamam\u0131\u015flard\u0131. Ortakla\u015fa ifadeye d\u00f6k\u00fclen sonu\u00e7lar -\u015fayet g\u00fcn\u00fcn birinde uygulamaya konulursa- \u00f6zellikle bu temel sorunu \u00e7\u00f6zemeyeceklerdir. Yaral\u0131lar\u0131n ve NSU taraf\u0131ndan \u00f6ld\u00fcr\u00fclenlerin aileleri komisyon raporu sunulurken bu noktaya i\u015faret etmi\u015f ve \u00e7ok daha kapsaml\u0131 sonu\u00e7lar \u00e7\u0131kar\u0131lmas\u0131n\u0131 talep etmi\u015flerdir. Ancak \u015fimdi, siyaset sahnesinde de yap\u0131lacaklar listesindeki maddelerin \u00fczerinin \u00e7izilmesine ba\u015flanmas\u0131 \u00f6ng\u00f6r\u00fcl\u00fcyor. \u015eayet soru\u015fturma makamlar\u0131n\u0131n ve siyaset \u00e7evrelerinin cevab\u0131 bu olacaksa, Almanya\u2019da her g\u00fcn yeniden meydana gelen -bazen \u00f6l\u00fcmc\u00fcl boyutlara ula\u015fan- sa\u011fc\u0131 \u015fiddette bir de\u011fi\u015fiklik olmayacakt\u0131r.<\/p>\n<p>Talebimiz a\u015fa\u011f\u0131dad\u0131r:<\/p>\n<h5 style=\"padding-left: 30px;\">Soru\u015fturma makamlar\u0131n\u0131n davran\u0131\u015flar\u0131nda ayd\u0131nlatma ve \u015feffafl\u0131k y\u00f6n\u00fcnde bir U-d\u00f6n\u00fc\u015f\u00fc meydana gelmelidir.<\/h5>\n<h5 style=\"padding-left: 30px;\">Kurumsal ve yap\u0131sal \u0131rk\u00e7\u0131l\u0131k konusuna ve bununla m\u00fccadelede etkin mekanizmalar\u0131n te\u015fvik edilmesine ili\u015fkin olarak Federal Meclis\u2019te (\u00f6rne\u011fin \u0130ngiltere\u2019deki Macpherson Komisyonu benzeri) en az bir adet ara\u015ft\u0131rma komisyonu kurulmal\u0131d\u0131r. Mesele neredeyse t\u00fcm toplum kesimlerini ilgilendirmektedir. Etkin \u00e7\u00f6z\u00fcmler i\u00e7in bilimsel dayana\u011f\u0131 olan, partiler \u00fcst\u00fc ve toplumsal bir tart\u0131\u015fmaya ihtiya\u00e7 vard\u0131r.<\/h5>\n<p>Bayan avukatlar:<\/p>\n<p>Seda Basay, Antonia von der Behrens, Christina Clemm,\u00a0Doris Dierbach, Barbara Kaniuka, Seyran Kerdi-Elvan,\u00a0Angelika Lex<\/p>\n<p>Bay avukatlar:<\/p>\n<p>Serkan Alkan, Prof. Bernd Max Behnke, Thomas Bliwier,\u00a0\u00d6nder Bogazkaya, Dr. Mehmet Daimag\u00fcler, Hasan Dilman,\u00a0Dr. Bj\u00f6rn Elberling, Berthold Fresenius, Carsten Ilius, \u00a0Ali Kara, Alexander Kienzle, Detelf Kolloge,\u00a0Stephan Kuhn, Stephan Lucas. Yavuz Narin,\u00a0Og\u00fcn Parlayan, Jens Rabe, Eberhard Reinecke,\u00a0Aziz Sariyar, Sebastian Scharmer, Reinhard Sch\u00f6n,\u00a0Kiriakos Sfatkidis, Isaak Sidiropoulos, Peer Stolle,\u00a0Bilsat Top, Turan \u00dcnl\u00fccay<\/p>\n","protected":false},"excerpt":{"rendered":"<p>Olaylar\u0131n ayd\u0131nlat\u0131lmas\u0131 sona m\u0131 erdi? Sonu\u00e7lar \u00f6l\u00e7\u00fclebilir nitelikte mi? NSU\u2019nun seri cinayet ve sald\u0131r\u0131lar\u0131nda yaralananlar ve kurban yak\u0131nlar\u0131 olaylar\u0131n t\u00fcm ayr\u0131nt\u0131lar\u0131yla a\u00e7\u0131kl\u0131\u011fa kavu\u015fturulmas\u0131n\u0131 talep etmeye devam ediyor ve soru\u015fturma makamlar\u0131 ile siyasi sorumlular\u0131 ele\u015ftiriyorlar. NSU taraf\u0131ndan \u00f6ld\u00fcr\u00fclenlerin yak\u0131nlar\u0131, olaylarda yaralananlar ve ma\u011fdur avukatlar\u0131, Federal \u015eans\u00f6lye Angela Merkel\u2019in \u201colaylar\u0131n ayr\u0131nt\u0131l\u0131 bir \u015fekilde ayd\u0131nlat\u0131laca\u011f\u0131\u201d y\u00f6n\u00fcndeki vaadinden iki [&hellip;]<\/p>\n","protected":false},"author":1,"featured_media":0,"comment_status":"closed","ping_status":"closed","sticky":false,"template":"","format":"standard","meta":{"_s2mail":"","footnotes":""},"categories":[1],"tags":[],"class_list":["post-422","post","type-post","status-publish","format-standard","hentry","category-allgemein"],"_links":{"self":[{"href":"https:\/\/www.nsu-nebenklage.de\/tr\/wp-json\/wp\/v2\/posts\/422","targetHints":{"allow":["GET"]}}],"collection":[{"href":"https:\/\/www.nsu-nebenklage.de\/tr\/wp-json\/wp\/v2\/posts"}],"about":[{"href":"https:\/\/www.nsu-nebenklage.de\/tr\/wp-json\/wp\/v2\/types\/post"}],"author":[{"embeddable":true,"href":"https:\/\/www.nsu-nebenklage.de\/tr\/wp-json\/wp\/v2\/users\/1"}],"replies":[{"embeddable":true,"href":"https:\/\/www.nsu-nebenklage.de\/tr\/wp-json\/wp\/v2\/comments?post=422"}],"version-history":[{"count":0,"href":"https:\/\/www.nsu-nebenklage.de\/tr\/wp-json\/wp\/v2\/posts\/422\/revisions"}],"wp:attachment":[{"href":"https:\/\/www.nsu-nebenklage.de\/tr\/wp-json\/wp\/v2\/media?parent=422"}],"wp:term":[{"taxonomy":"category","embeddable":true,"href":"https:\/\/www.nsu-nebenklage.de\/tr\/wp-json\/wp\/v2\/categories?post=422"},{"taxonomy":"post_tag","embeddable":true,"href":"https:\/\/www.nsu-nebenklage.de\/tr\/wp-json\/wp\/v2\/tags?post=422"}],"curies":[{"name":"wp","href":"https:\/\/api.w.org\/{rel}","templated":true}]}}