{"id":483,"date":"2014-03-26T19:14:37","date_gmt":"2014-03-26T18:14:37","guid":{"rendered":"http:\/\/www.nsu-nebenklage.de\/tr\/?p=483"},"modified":"2014-03-28T15:00:06","modified_gmt":"2014-03-28T14:00:06","slug":"26-03-2014","status":"publish","type":"post","link":"https:\/\/www.nsu-nebenklage.de\/tr\/2014\/03\/26\/26-03-2014\/","title":{"rendered":"26.03.2014"},"content":{"rendered":"<h4>Yalanlar ver Masum G\u00f6sterme \u00c7abalar\u0131 V \u2013 Juliane Walther<\/h4>\n<p>Bug\u00fcn Juliane Walther sorguland\u0131. Walther B\u00f6hnhardt, Mundlos ve Zsch\u00e4pe\u2019nin ortadan kaybolduklar\u0131 s\u0131rada Ralf Wohlleben\u2019in k\u0131z arkada\u015f\u0131yd\u0131. Garajdaki bomba imalathanesinin bulunmas\u0131n\u0131n ard\u0131ndan B\u00f6hnhardt ba\u015fka bir \u201eyolda\u015fla\u201c birlikte tan\u0131\u011f\u0131n meslek okuluna gelmi\u015f, onunla birlikt \u00f6nce Wohlleben\u2019i uyarmak i\u00e7in Erfurt\u2019a, sonra da evlerinden Zsch\u00e4pe\u2019nin e\u015fyalar\u0131n\u0131 almak i\u00e7in tekrar Jena\u2019ya gitmi\u015fti. Mundlos\u2019un evinden de e\u015fyalar\u0131n\u0131 almak istemi\u015fti, ama o anda orada arama yapmakta olan polis taraf\u0131ndan yakalanm\u0131\u015f ve do\u011frudan arama tan\u0131\u011f\u0131 olarak g\u00f6revlendirilmi\u015fti.<\/p>\n<p>Sorgu sa\u011f camiadan pek \u00e7ok tan\u0131\u011f\u0131nkinden daha da sert ge\u00e7ti. Tan\u0131k neredeyse hi\u00e7bir \u015fey hat\u0131rlayamad\u0131\u011f\u0131n\u0131 \u00f6ne s\u00fcrd\u00fc. Heyet Ba\u015fkan\u0131 Hakim G\u00f6tzl tan\u0131\u011fa haf\u0131zas\u0131ndaki bo\u015fluklara, (\u00f6zellikle de iki y\u0131l \u00f6nce polise daha ayr\u0131nt\u0131l\u0131 bilgiler verdi\u011finden) inanmad\u0131\u011f\u0131n\u0131 fazlas\u0131yla belli etti. Zsch\u00e4pe und Wohlleben\u2019in avukatlar\u0131 defalarca anams\u0131z itirazlarda bulunarak mahkeme heyeti veya m\u00fcdahil davac\u0131lar taraf\u0131ndan k\u00f6\u015feye s\u0131k\u0131\u015ft\u0131r\u0131ld\u0131\u011f\u0131 zamanlarda tan\u0131\u011f\u0131n \u00fczerindeki bask\u0131y\u0131 azaltmaya \u00e7al\u0131\u015ft\u0131lar.<\/p>\n<p>Tan\u0131k her \u015fekilde bir \u015fey bilmedi\u011finde \u0131srar etti ve kendini \u201ekafas\u0131n\u0131 kar\u0131\u015ft\u0131rmak\u201c niyetiyle soru soranlar\u0131n ve bas\u0131n\u0131n kurban\u0131 gibi g\u00f6stermeye \u00e7al\u0131\u015ft\u0131. Ayn\u0131 zamanda kendine hangi sorular\u0131n konuyla ilgili olup hangilerinin olmad\u0131\u011f\u0131n\u0131 de\u011ferlendirme hakk\u0131n\u0131 verdi; mahkeme heyeti ba\u015fkan\u0131 taf\u0131ndan da bir\u00e7ok kez bu konuda azarland\u0131. Tan\u0131k biri taraf\u0131ndan kendine \u201eko\u00e7luk\u201c yap\u0131l\u0131yormu\u015f izlenimini veriyordu, \u00f6rne\u011fin defalarca polis tan\u0131klar\u0131ndan farkl\u0131 olarak polise verdi\u011fi ifadelerin tutana\u011f\u0131n\u0131 bir kez daha okuyamayaca\u011f\u0131n\u0131 vurgulad\u0131.<\/p>\n<p>Tan\u0131k \u201e\u00dc\u00e7l\u00fcn\u00fcn\u201c, Wohlleben\u2019in ve Kapke\u2019nin ideolojik arka planlar\u0131yla ilgili olarak da sorguland\u0131, ama burada da ka\u00e7amak cevaplar verdi ve onlar\u0131n \u201esa\u011f e\u011filimli\u201c olduklar\u0131n\u0131 s\u00f6yledi. Zsch\u00e4pe\u2019nin evinde g\u00f6z\u00fcne \u00e7arpan bir \u015fey olmam\u0131\u015ft\u0131, gayet normal d\u00f6\u015fenmi\u015f bir evdi. Ama di\u011fer tan\u0131k ifadelerinden \u00f6rne\u011fin duvarda bir Nazi bayra\u011f\u0131 as\u0131l\u0131 oldu\u011fu biliniyordu.<\/p>\n<p>Hi\u00e7 olmazsa B\u00f6hnhardt, Mundlos, Zsch\u00e4pe, Holger Gerlach ve o zamanlarki erkek arkada\u015f\u0131 Wohlleben ile birlikte \u201ePogromly\u201c oyununu oynam\u0131\u015f olduklar\u0131n\u0131 anlatt\u0131. Sorgusunun tamam\u0131nda oldu\u011fu gibi, oyunun \u00e7irkin Yahudi d\u00fc\u015fman\u0131 i\u00e7eriklerinden uzak durdu\u011fu ne duyuldu ne de hissedildi. Tan\u0131k bug\u00fcn faal \u015fekilde Nazi politikas\u0131 y\u00fcr\u00fctm\u00fcyor gibi g\u00f6r\u00fcn\u00fcyor, kendini yanda\u015f olarak tan\u0131ml\u0131yor ama NSU\u2019nun i\u015fledi\u011fi su\u00e7larda kendinin veya o zamanlarki erkek arkada\u015f\u0131n\u0131n da sorumlulu\u011fu oldu\u011funu itiraf etmeye istekli de\u011fil.<\/p>\n<p>Mahkemenin, Jena\u2019n\u0131n sa\u011f camias\u0131ndan tan\u0131klar\u0131n \u00f6ne s\u00fcrd\u00fckleri \u201ehaf\u0131za bo\u015fluklar\u0131na\u201c art\u0131k inanmamas\u0131 sevindirici.<\/p>\n<p>Sorgunun yar\u0131n \u00f6\u011fleden \u00f6nce tamamlanmas\u0131 bekleniyor.<\/p>\n","protected":false},"excerpt":{"rendered":"<p>Yalanlar ver Masum G\u00f6sterme \u00c7abalar\u0131 V \u2013 Juliane Walther Bug\u00fcn Juliane Walther sorguland\u0131. Walther B\u00f6hnhardt, Mundlos ve Zsch\u00e4pe\u2019nin ortadan kaybolduklar\u0131 s\u0131rada Ralf Wohlleben\u2019in k\u0131z arkada\u015f\u0131yd\u0131. Garajdaki bomba imalathanesinin bulunmas\u0131n\u0131n ard\u0131ndan B\u00f6hnhardt ba\u015fka bir \u201eyolda\u015fla\u201c birlikte tan\u0131\u011f\u0131n meslek okuluna gelmi\u015f, onunla birlikt \u00f6nce Wohlleben\u2019i uyarmak i\u00e7in Erfurt\u2019a, sonra da evlerinden Zsch\u00e4pe\u2019nin e\u015fyalar\u0131n\u0131 almak i\u00e7in tekrar Jena\u2019ya [&hellip;]<\/p>\n","protected":false},"author":1,"featured_media":0,"comment_status":"closed","ping_status":"closed","sticky":false,"template":"","format":"standard","meta":{"_s2mail":"","footnotes":""},"categories":[1],"tags":[],"class_list":["post-483","post","type-post","status-publish","format-standard","hentry","category-allgemein"],"_links":{"self":[{"href":"https:\/\/www.nsu-nebenklage.de\/tr\/wp-json\/wp\/v2\/posts\/483","targetHints":{"allow":["GET"]}}],"collection":[{"href":"https:\/\/www.nsu-nebenklage.de\/tr\/wp-json\/wp\/v2\/posts"}],"about":[{"href":"https:\/\/www.nsu-nebenklage.de\/tr\/wp-json\/wp\/v2\/types\/post"}],"author":[{"embeddable":true,"href":"https:\/\/www.nsu-nebenklage.de\/tr\/wp-json\/wp\/v2\/users\/1"}],"replies":[{"embeddable":true,"href":"https:\/\/www.nsu-nebenklage.de\/tr\/wp-json\/wp\/v2\/comments?post=483"}],"version-history":[{"count":0,"href":"https:\/\/www.nsu-nebenklage.de\/tr\/wp-json\/wp\/v2\/posts\/483\/revisions"}],"wp:attachment":[{"href":"https:\/\/www.nsu-nebenklage.de\/tr\/wp-json\/wp\/v2\/media?parent=483"}],"wp:term":[{"taxonomy":"category","embeddable":true,"href":"https:\/\/www.nsu-nebenklage.de\/tr\/wp-json\/wp\/v2\/categories?post=483"},{"taxonomy":"post_tag","embeddable":true,"href":"https:\/\/www.nsu-nebenklage.de\/tr\/wp-json\/wp\/v2\/tags?post=483"}],"curies":[{"name":"wp","href":"https:\/\/api.w.org\/{rel}","templated":true}]}}