{"id":495,"date":"2014-04-02T23:51:38","date_gmt":"2014-04-02T21:51:38","guid":{"rendered":"http:\/\/www.nsu-nebenklage.de\/tr\/?p=495"},"modified":"2014-04-04T08:27:45","modified_gmt":"2014-04-04T06:27:45","slug":"02-04-2014","status":"publish","type":"post","link":"https:\/\/www.nsu-nebenklage.de\/tr\/2014\/04\/02\/02-04-2014\/","title":{"rendered":"02.04.2014"},"content":{"rendered":"<h4>\u201eBlood and Honour\u201c ile yeralt\u0131na I<\/h4>\n<p>Bug\u00fcn\u00fcn tan\u0131\u011f\u0131 olan ve Mundlos, B\u00f6hnhardt ve Zsch\u00e4pe\u2019ye ortadan kaybolmalar\u0131n\u0131n ard\u0131ndan Chemnitz\u2019de kald\u0131klar\u0131 yeri ve \u00f6ncesinde de patlay\u0131c\u0131 madde sa\u011flayan Thomas Starke, hakk\u0131nda NSU\u2019yu desteklemekten hala soru\u015fturma y\u00fcr\u00fct\u00fcld\u00fc\u011f\u00fcnden beklendi\u011fi \u00fczere ifade vermeyi reddetti. Ama Starke toplam yedi kez polise ifade vermi\u015fti ve b\u00f6ylelikle \u00f6nlem olarak \u00e7a\u011fr\u0131lm\u0131\u015f olan sorgu memuru ifade vererek bu kez Starke\u2019nin ilk iki sorgusunu anlatt\u0131.<\/p>\n<p>Starke ifadesini sorgulamalar s\u00fcrecinde d\u00fczeltip net bir hale getirdi\u011finden bu ifade ancak t\u00fcm sorgular tamamland\u0131ktan sonra nihai olarak de\u011ferlendirilebilecek. Bu da daha bir ka\u00e7 duru\u015fma g\u00fcn\u00fc s\u00fcrecek. Bug\u00fcn ilk iki ifadeyle ilgili sorgu bile bitirilemedi, \u00e7\u00fcnk\u00fc Beate Zsch\u00e4pe 15:53\u2019ten itibaren yorgunluk ve ba\u015fa\u011fr\u0131lar\u0131 nedeniyle, \u00e7a\u011fr\u0131lan yerel mahkeme doktorunun da onaylad\u0131\u011f\u0131 \u00fczere duru\u015fmaya kat\u0131lacak durumda de\u011fildi.<\/p>\n<p>Ama Starke\u2019nin ifadelerinin Chemnitz ve k\u0131smen Zwickau\u2019daki destek\u00e7iler a\u011f\u0131n\u0131n yap\u0131s\u0131n\u0131 ortaya \u00e7\u0131karmay\u0131 m\u00fcmk\u00fcn k\u0131laca\u011f\u0131 \u015fimdiden s\u00f6ylenebilir. \u201e\u00dc\u00e7l\u00fc\u201c burada b\u00fcy\u00fck k\u0131sm\u0131 \u201eBlood and Honour\u201ca dahil olan bir a\u011f taraf\u0131ndan destekleniyordu. \u201eBlood and Honour\u201c ise m\u00fczik da\u011f\u0131t\u0131mc\u0131l\u0131\u011f\u0131ndan konser organizasyonlar\u0131na \u201e\u0131rklar\u0131n sava\u015f\u0131\u201c mesaj\u0131n\u0131 yayan uluslararas\u0131 bir \u00f6rg\u00fct. Starke\u2019nin yan\u0131nda evini \u00fc\u00e7l\u00fcye ilk olarak a\u00e7an Rothe ve Max-Florian B.\u2019nin konaklamas\u0131n\u0131n organize edilmesine yard\u0131mc\u0131 olan Mandy Struck da \u201eB&amp;H\u201c \u00fcyeleri aras\u0131ndayd\u0131. B\u00f6ylelikle 1996\/1997 d\u00f6neminde TNT patlay\u0131c\u0131 dolu bir ayakkab\u0131 kutusunu hi\u00e7 para \u00f6demeden edinmesi i\u00e7in Starke\u2019nin ba\u015fka bir \u00fcyeden rica etmesi yeterliydi. \u00dc\u00e7l\u00fcn\u00fc aranmas\u0131n\u0131n ve sonunda ortadan kaybolmalar\u0131n\u0131n nedeni olan bomban\u0131n sahte olmas\u0131, Starke\u2019ye g\u00f6re o kadar h\u0131zl\u0131 \u015fekilde fitil bulamamalar\u0131ndan da kaynaklan\u0131yordu. O d\u00f6nemde, yani \u00fc\u00e7l\u00fcn\u00fcn ortadan kaybolmas\u0131ndan belirgin \u015fekilde \u00f6nce, Mundlos silah da edinmek istemi\u015fti.<\/p>\n<p>Starke ayr\u0131ca 1996\/1997 y\u0131llar\u0131nda Zsch\u00e4pe ile k\u0131sa bir a\u015fk ili\u015fkisi ya\u015fad\u0131\u011f\u0131n\u0131 anlatt\u0131. Bu ili\u015fkiyi derinle\u015ftirmek, Zsch\u00e4pe ile ayn\u0131 eve ta\u015f\u0131nmak istiyordu. Ama Zsch\u00e4pe\u2019nin akl\u0131nda sadece iki Uwe ve politika vard\u0131 ve bir ili\u015fkiye ay\u0131racak zaman\u0131 yoktu. Zsch\u00e4pe onunla seve seve fikir al\u0131\u015fveri\u015finde bulunmu\u015f, NPD reklam\u0131 yapm\u0131\u015f ve \u201eBlood and Honour\u201c camias\u0131n\u0131 g\u00f6steriler ve politik eylemlere az kat\u0131lmakla ele\u015ftirmi\u015fti.<\/p>\n","protected":false},"excerpt":{"rendered":"<p>\u201eBlood and Honour\u201c ile yeralt\u0131na I Bug\u00fcn\u00fcn tan\u0131\u011f\u0131 olan ve Mundlos, B\u00f6hnhardt ve Zsch\u00e4pe\u2019ye ortadan kaybolmalar\u0131n\u0131n ard\u0131ndan Chemnitz\u2019de kald\u0131klar\u0131 yeri ve \u00f6ncesinde de patlay\u0131c\u0131 madde sa\u011flayan Thomas Starke, hakk\u0131nda NSU\u2019yu desteklemekten hala soru\u015fturma y\u00fcr\u00fct\u00fcld\u00fc\u011f\u00fcnden beklendi\u011fi \u00fczere ifade vermeyi reddetti. Ama Starke toplam yedi kez polise ifade vermi\u015fti ve b\u00f6ylelikle \u00f6nlem olarak \u00e7a\u011fr\u0131lm\u0131\u015f olan sorgu memuru [&hellip;]<\/p>\n","protected":false},"author":1,"featured_media":0,"comment_status":"closed","ping_status":"closed","sticky":false,"template":"","format":"standard","meta":{"_s2mail":"","footnotes":""},"categories":[1],"tags":[],"class_list":["post-495","post","type-post","status-publish","format-standard","hentry","category-allgemein"],"_links":{"self":[{"href":"https:\/\/www.nsu-nebenklage.de\/tr\/wp-json\/wp\/v2\/posts\/495","targetHints":{"allow":["GET"]}}],"collection":[{"href":"https:\/\/www.nsu-nebenklage.de\/tr\/wp-json\/wp\/v2\/posts"}],"about":[{"href":"https:\/\/www.nsu-nebenklage.de\/tr\/wp-json\/wp\/v2\/types\/post"}],"author":[{"embeddable":true,"href":"https:\/\/www.nsu-nebenklage.de\/tr\/wp-json\/wp\/v2\/users\/1"}],"replies":[{"embeddable":true,"href":"https:\/\/www.nsu-nebenklage.de\/tr\/wp-json\/wp\/v2\/comments?post=495"}],"version-history":[{"count":0,"href":"https:\/\/www.nsu-nebenklage.de\/tr\/wp-json\/wp\/v2\/posts\/495\/revisions"}],"wp:attachment":[{"href":"https:\/\/www.nsu-nebenklage.de\/tr\/wp-json\/wp\/v2\/media?parent=495"}],"wp:term":[{"taxonomy":"category","embeddable":true,"href":"https:\/\/www.nsu-nebenklage.de\/tr\/wp-json\/wp\/v2\/categories?post=495"},{"taxonomy":"post_tag","embeddable":true,"href":"https:\/\/www.nsu-nebenklage.de\/tr\/wp-json\/wp\/v2\/tags?post=495"}],"curies":[{"name":"wp","href":"https:\/\/api.w.org\/{rel}","templated":true}]}}