{"id":505,"date":"2014-04-09T15:46:37","date_gmt":"2014-04-09T13:46:37","guid":{"rendered":"http:\/\/www.nsu-nebenklage.de\/tr\/?p=505"},"modified":"2014-04-12T18:30:19","modified_gmt":"2014-04-12T16:30:19","slug":"09-04-2014","status":"publish","type":"post","link":"https:\/\/www.nsu-nebenklage.de\/tr\/2014\/04\/09\/09-04-2014\/","title":{"rendered":"09.04.2014"},"content":{"rendered":"<h4>Anayasay\u0131 Koruma Dairesi ger\u00e7eklere kar\u015f\u0131<\/h4>\n<p>Bug\u00fcn ilk olarak Kassel\u2019de ger\u00e7ekle\u015fem Halit Yozgat cinayetinin tan\u0131klar\u0131ndan birini sorgulam\u0131\u015f olan bir kriminal polis sorguland\u0131. Bu tan\u0131k olay\u0131n ger\u00e7ekle\u015fti\u011fi s\u0131rada telefonla g\u00f6r\u00fc\u015f\u00fcyordu ve sesleri duymu\u015f, ama onlar\u0131 silah sesleri olarak alg\u0131lamam\u0131\u015ft\u0131. Katillerden birini g\u00f6rm\u00fc\u015ft\u00fc, ama bu sadece g\u00f6z ucuylayd\u0131 ve bu y\u00fczden daha ayr\u0131nt\u0131l\u0131 bir a\u00e7\u0131klamada bulunam\u0131yordu Ama verdi\u011fi tarif (gen\u00e7, g\u00fc\u00e7l\u00fc, olduk\u00e7a uzun) hem Mundlos\u2019a hem de B\u00f6hnhardt\u2019a uyuyordu. \u0130\u015fledikleri su\u00e7larla ilgili olarak da hali haz\u0131rda cinayet silah\u0131 ve itiraf videolar\u0131 gibi yeteri say\u0131da delil vard\u0131.<\/p>\n<p>Tan\u0131\u011f\u0131n sorgular\u0131n\u0131n neden Yozgat cinayetinin eski dosyalar\u0131 aras\u0131nda bulunmay\u0131p ancak mahkemenin talebi \u00fczerine sonradan teslim edildiklerine cevap veremedi. Tan\u0131\u011fa neden olay an\u0131nda internet kafede oldu\u011fu bilinen Anayasay\u0131 Koruma Dairesi g\u00f6revlisi Temme\u2019nin resminin g\u00f6sterilmedi\u011fini de pek yan\u0131tlayamad\u0131.<\/p>\n<p>Ak\u015fam\u00fcst\u00fc Temme\u2019nin bir i\u015f arkada\u015f\u0131 olan Frank Fehling sorguland\u0131. Fehling olay\u0131n birka\u00e7 hafta sonras\u0131nda yapt\u0131\u011f\u0131 bir telefon g\u00f6r\u00fc\u015fmesinde Eyalet Dairesi y\u00f6neticisi Irrgang\u2019a her\u015feyi anlatt\u0131\u011f\u0131 ve \u201epolisteki gibi k\u0131s\u0131tlay\u0131c\u0131 \u015fekilde\u201c ifade vermedi\u011fi gerek\u00e7esiyle Temme\u2019yi \u00f6vm\u00fc\u015ft\u00fc. Polis konu\u015fmay\u0131 dinlemi\u015fti ve konu\u015fma b\u00f6ylelikle Temme\u2019ye kar\u015f\u0131 dosyalar aras\u0131na girmi\u015fti, ama Temme\u2019nin cinayet hakk\u0131nda polise s\u00f6yledi\u011finden daha fazlas\u0131n\u0131 bildi\u011fi y\u00f6n\u00fcndeki ifadenin \u00f6nemine ra\u011fmen NSU davas\u0131yla ilgili dosyalar aras\u0131na girmemi\u015fti.<\/p>\n<p>Fehling, Anayasay\u0131 Koruma Dairesi y\u00f6netiminin ona ve d\u0131\u015f \u015fubenin di\u011fer \u00e7al\u0131\u015fanlar\u0131na, Temme\u2019nin tutuklanmas\u0131n\u0131n k\u0131sa s\u00fcre ard\u0131ndan \u015f\u00fcpheliler olarak polise kar\u015f\u0131 ifade vermemeleri y\u00f6n\u00fcnde direktif verdi\u011fini anlatt\u0131. Temme ile yapt\u0131\u011f\u0131 telefon g\u00f6r\u00fc\u015fmesini ba\u015flang\u0131\u00e7ta \u015fiddetle reddetti. Temme ile konu\u015fmak istememi\u015f, bunu kasten engellemi\u015fti. Telefon dinleme tutanaklar\u0131ndan konu\u015fmalar\u0131n i\u00e7erikleri kendine okundu\u011funda da ilk olarak bu a\u00e7\u0131klamas\u0131nda \u0131srar etti. Ama heyet ba\u015fkan\u0131n\u0131n \u0131srarla sormas\u0131 \u00fczerine ba\u015fkan\u0131n bir inkar\u0131n daha kabul etmeyece\u011fini anlay\u0131p b\u00f6yle bir konu\u015fma ger\u00e7ekle\u015fmi\u015f olmas\u0131n\u0131n ihtimal d\u0131\u015f\u0131 olmad\u0131\u011f\u0131n\u0131 itiraf etti. Temme\u2019nin Irrgang\u2019la g\u00f6r\u00fc\u015fmesinin s\u00f6z konusu oldu\u011funuysa yine hat\u0131rlamad\u0131\u011f\u0131n\u0131 \u00f6ne s\u00fcrd\u00fc.<\/p>\n<p>Ayn\u0131s\u0131, Fehling\u2019in Temme ile bir\u00e7ok kez soru\u015fturmalar \u00fczerine konu\u015ftu\u011fu ve ona geli\u015fmeleri haber vermeye s\u00f6z verdi\u011fi konu\u015fmalar\u0131n dinlenmesi i\u00e7in de ge\u00e7erliydi: M\u00fcdahil dava temsilcisi avukat Kienzle telefon dinleme tutanaklar\u0131n\u0131 okudu, ama tan\u0131k hat\u0131rlamad\u0131\u011f\u0131n\u0131, soru\u015fturmalardan hep uzak durdu\u011funu s\u00f6yledi.<\/p>\n<p>M\u00fcdahil davac\u0131lar a\u00e7\u0131s\u0131ndan Anayasay\u0131 Koruma Dairesi \u00e7al\u0131\u015fan\u0131 Fehling\u2019in c\u00fcretkar \u015fekilde yalan s\u00f6yledi\u011fi, \u00e7\u00fcnk\u00fc Hessen Anayasay\u0131 Koruma Dairesi\u2019nin kriminal polisin soru\u015fturmalar\u0131na b\u00fcy\u00fck \u00f6l\u00e7\u00fcde mani oldu\u011funu saklamak istedi\u011fi izlenimi yo\u011fun bir \u015fekilde olu\u015ftu.<\/p>\n","protected":false},"excerpt":{"rendered":"<p>Anayasay\u0131 Koruma Dairesi ger\u00e7eklere kar\u015f\u0131 Bug\u00fcn ilk olarak Kassel\u2019de ger\u00e7ekle\u015fem Halit Yozgat cinayetinin tan\u0131klar\u0131ndan birini sorgulam\u0131\u015f olan bir kriminal polis sorguland\u0131. Bu tan\u0131k olay\u0131n ger\u00e7ekle\u015fti\u011fi s\u0131rada telefonla g\u00f6r\u00fc\u015f\u00fcyordu ve sesleri duymu\u015f, ama onlar\u0131 silah sesleri olarak alg\u0131lamam\u0131\u015ft\u0131. Katillerden birini g\u00f6rm\u00fc\u015ft\u00fc, ama bu sadece g\u00f6z ucuylayd\u0131 ve bu y\u00fczden daha ayr\u0131nt\u0131l\u0131 bir a\u00e7\u0131klamada bulunam\u0131yordu Ama verdi\u011fi [&hellip;]<\/p>\n","protected":false},"author":1,"featured_media":0,"comment_status":"closed","ping_status":"closed","sticky":false,"template":"","format":"standard","meta":{"_s2mail":"","footnotes":""},"categories":[1],"tags":[],"class_list":["post-505","post","type-post","status-publish","format-standard","hentry","category-allgemein"],"_links":{"self":[{"href":"https:\/\/www.nsu-nebenklage.de\/tr\/wp-json\/wp\/v2\/posts\/505","targetHints":{"allow":["GET"]}}],"collection":[{"href":"https:\/\/www.nsu-nebenklage.de\/tr\/wp-json\/wp\/v2\/posts"}],"about":[{"href":"https:\/\/www.nsu-nebenklage.de\/tr\/wp-json\/wp\/v2\/types\/post"}],"author":[{"embeddable":true,"href":"https:\/\/www.nsu-nebenklage.de\/tr\/wp-json\/wp\/v2\/users\/1"}],"replies":[{"embeddable":true,"href":"https:\/\/www.nsu-nebenklage.de\/tr\/wp-json\/wp\/v2\/comments?post=505"}],"version-history":[{"count":0,"href":"https:\/\/www.nsu-nebenklage.de\/tr\/wp-json\/wp\/v2\/posts\/505\/revisions"}],"wp:attachment":[{"href":"https:\/\/www.nsu-nebenklage.de\/tr\/wp-json\/wp\/v2\/media?parent=505"}],"wp:term":[{"taxonomy":"category","embeddable":true,"href":"https:\/\/www.nsu-nebenklage.de\/tr\/wp-json\/wp\/v2\/categories?post=505"},{"taxonomy":"post_tag","embeddable":true,"href":"https:\/\/www.nsu-nebenklage.de\/tr\/wp-json\/wp\/v2\/tags?post=505"}],"curies":[{"name":"wp","href":"https:\/\/api.w.org\/{rel}","templated":true}]}}