{"id":556,"date":"2014-05-06T23:24:02","date_gmt":"2014-05-06T21:24:02","guid":{"rendered":"http:\/\/www.nsu-nebenklage.de\/tr\/?p=556"},"modified":"2014-05-07T14:26:18","modified_gmt":"2014-05-07T12:26:18","slug":"06-05-2014","status":"publish","type":"post","link":"https:\/\/www.nsu-nebenklage.de\/tr\/2014\/05\/06\/06-05-2014\/","title":{"rendered":"06.05.2014"},"content":{"rendered":"<h4>NSU davas\u0131n\u0131n bir y\u0131l\u0131 &#8211; Zsch\u00e4pe hasta<\/h4>\n<p>Bug\u00fcnk\u00fc duru\u015fman\u0131n tamam\u0131, defalarca kez kesintiye u\u011framas\u0131 sonucunda asl\u0131nda hi\u00e7 duru\u015fma y\u00fcr\u00fct\u00fclmeden ge\u00e7ti. 20 dakika s\u00fcren tan\u0131k sorgusunun ard\u0131ndan ana duru\u015fmaya Zsch\u00e4pe\u2019nin savunmas\u0131n\u0131n ricas\u0131 \u00fczerine ara verildi. Ard\u0131ndan ba\u015fka aralar geldi. Ak\u015fam\u00fcst\u00fcn\u00fcn erken saatlerinde o sabah Zsch\u00e4pe\u2019nin eline mide bulant\u0131s\u0131na yol a\u00e7an bir yaz\u0131n\u0131n ge\u00e7ti\u011fi anla\u015f\u0131ld\u0131. Bunun nas\u0131l bir yaz\u0131 oldu\u011funu kendisini muayene eden doktora anlatmak istemedi.<\/p>\n<p>Bunun tutuklu Neonazi Robin Schmiemann\u2019a yazd\u0131\u011f\u0131 mektuplardan \u00fc\u00e7\u00fcne el konuldu\u011funun- bildiren mahkeme ilan\u0131 oldu\u011funu tahmin etmek m\u00fcmk\u00fcn. Bu mektuplar, m\u00fcdahil davac\u0131lar\u0131n talep etti\u011fi dilbilimsel bir bilirki\u015fi raporu i\u00e7in kullan\u0131lacak. \u00c7ok \u015fahsi olan bu mektuplar\u0131n alenen konu edilmesi Zsch\u00e4pe i\u00e7in muhtemelen katlanmas\u0131 g\u00fc\u00e7 bir durum, \u00e7\u00fcnk\u00fc \u201cyolda\u015f\u0131na\u201d bir \u00e7ok \u015feyi \u00e7ok a\u00e7\u0131k \u015fekilde anlatmas\u0131 ki\u015fili\u011finin de\u011ferlendirilmesine yard\u0131mc\u0131 olacak.<\/p>\n<p>Duru\u015fma, Zsch\u00e4pe\u2019nin savunmas\u0131n\u0131n mahkeme doktoruna y\u00f6nelik red dilek\u00e7esi vermesiyle sonland\u0131. Mahkeme heyeti bu dilek\u00e7e konusunda ana duru\u015fman\u0131n d\u0131\u015f\u0131nda karar verecek.<\/p>\n","protected":false},"excerpt":{"rendered":"<p>NSU davas\u0131n\u0131n bir y\u0131l\u0131 &#8211; Zsch\u00e4pe hasta Bug\u00fcnk\u00fc duru\u015fman\u0131n tamam\u0131, defalarca kez kesintiye u\u011framas\u0131 sonucunda asl\u0131nda hi\u00e7 duru\u015fma y\u00fcr\u00fct\u00fclmeden ge\u00e7ti. 20 dakika s\u00fcren tan\u0131k sorgusunun ard\u0131ndan ana duru\u015fmaya Zsch\u00e4pe\u2019nin savunmas\u0131n\u0131n ricas\u0131 \u00fczerine ara verildi. Ard\u0131ndan ba\u015fka aralar geldi. Ak\u015fam\u00fcst\u00fcn\u00fcn erken saatlerinde o sabah Zsch\u00e4pe\u2019nin eline mide bulant\u0131s\u0131na yol a\u00e7an bir yaz\u0131n\u0131n ge\u00e7ti\u011fi anla\u015f\u0131ld\u0131. Bunun nas\u0131l [&hellip;]<\/p>\n","protected":false},"author":1,"featured_media":0,"comment_status":"closed","ping_status":"closed","sticky":false,"template":"","format":"standard","meta":{"_s2mail":"","footnotes":""},"categories":[1],"tags":[],"class_list":["post-556","post","type-post","status-publish","format-standard","hentry","category-allgemein"],"_links":{"self":[{"href":"https:\/\/www.nsu-nebenklage.de\/tr\/wp-json\/wp\/v2\/posts\/556","targetHints":{"allow":["GET"]}}],"collection":[{"href":"https:\/\/www.nsu-nebenklage.de\/tr\/wp-json\/wp\/v2\/posts"}],"about":[{"href":"https:\/\/www.nsu-nebenklage.de\/tr\/wp-json\/wp\/v2\/types\/post"}],"author":[{"embeddable":true,"href":"https:\/\/www.nsu-nebenklage.de\/tr\/wp-json\/wp\/v2\/users\/1"}],"replies":[{"embeddable":true,"href":"https:\/\/www.nsu-nebenklage.de\/tr\/wp-json\/wp\/v2\/comments?post=556"}],"version-history":[{"count":0,"href":"https:\/\/www.nsu-nebenklage.de\/tr\/wp-json\/wp\/v2\/posts\/556\/revisions"}],"wp:attachment":[{"href":"https:\/\/www.nsu-nebenklage.de\/tr\/wp-json\/wp\/v2\/media?parent=556"}],"wp:term":[{"taxonomy":"category","embeddable":true,"href":"https:\/\/www.nsu-nebenklage.de\/tr\/wp-json\/wp\/v2\/categories?post=556"},{"taxonomy":"post_tag","embeddable":true,"href":"https:\/\/www.nsu-nebenklage.de\/tr\/wp-json\/wp\/v2\/tags?post=556"}],"curies":[{"name":"wp","href":"https:\/\/api.w.org\/{rel}","templated":true}]}}