{"id":560,"date":"2014-05-19T16:21:53","date_gmt":"2014-05-19T14:21:53","guid":{"rendered":"http:\/\/www.nsu-nebenklage.de\/tr\/?p=560"},"modified":"2014-05-27T17:21:34","modified_gmt":"2014-05-27T15:21:34","slug":"19-05-2014","status":"publish","type":"post","link":"https:\/\/www.nsu-nebenklage.de\/tr\/2014\/05\/19\/19-05-2014\/","title":{"rendered":"19.05.2014"},"content":{"rendered":"<h4>\u0130nkar ve masum g\u00f6sterme \u00e7abalar\u0131 VIII \u2013 J\u00fcrgen Helbig<\/h4>\n<p>Uwe B\u00f6hnhardt\u2019\u0131n gen\u00e7lik y\u0131llar\u0131ndan arkada\u015f\u0131 olan ve yakla\u015f\u0131k 1998 y\u0131l\u0131ndan bu yana NPD \u00fcyesi olup o zamanlar Jena\u2019n\u0131n Nazi camias\u0131nda aktif olan tan\u0131k J\u00fcrgen Helbig bug\u00fcnk\u00fc duru\u015fma boyunca kem k\u00fcm ederek sessiz kald\u0131. Daha \u00f6nce Askeri Koruma Servisi, Th\u00fcringen Eyaleti Kriminal Dairesi, Federal Kriminal Dairesi ve Federal Savc\u0131l\u0131k&#8217;a verdi\u011fi ifadelerde Helbig yine zaten ispatlanabilir olan bu bilgileri vermi\u015fti: Bir y\u0131l\u0131 a\u015fk\u0131n s\u00fcre san\u0131k Schultze, Wohlleben ve o zamanlarda ortadan kaybolmu\u015f olan Zsch\u00e4pe, Mundlos ve B\u00f6hnhardt aras\u0131nda arac\u0131l\u0131k yapm\u0131\u015ft\u0131. Kimi telefon kul\u00fcbelerinde telefon konu\u015fmalar\u0131 yap\u0131yor, malzeme ta\u015f\u0131yor ve ortadan kaybolanlar i\u00e7in para toplamak \u00fczere Pogromly oyununu sat\u0131yordu.<\/p>\n<p>Helbig bir keresinde daha sonradan i\u00e7erisinde silah oldu\u011fundan \u015f\u00fcphelendi\u011fi bir paket ta\u015f\u0131m\u0131\u015ft\u0131. \u015eu ana kadarki di\u011fer Nazi tan\u0131klar gibi o da di\u011fer daval\u0131lar\u0131 su\u00e7lu durumuna d\u00fc\u015f\u00fcrecek somut konular\u0131 hat\u0131rlamad\u0131\u011f\u0131n\u0131 ileri s\u00fcr\u00fcyordu: Konu\u015ftu\u011fu ki\u015filer veya arac\u0131lardan hi\u00e7birini tan\u0131m\u0131yordu, hi\u00e7biriyle &#8220;\u00dc\u00e7l\u00fc&#8221;n\u00fcn planlar\u0131 hakk\u0131nda konu\u015fmam\u0131\u015ft\u0131, \u015fiddet veya silahlar hakk\u0131nda hi\u00e7bir tart\u0131\u015fmaya kat\u0131lmam\u0131\u015ft\u0131.<\/p>\n<p>Helbig, Askeri Koruma Servisi&#8217;ne 1999 y\u0131l\u0131nda B\u00f6hnhardt, Mundlos ve Zsch\u00e4pe&#8217;yi sa\u011fc\u0131 ter\u00f6ristlerle bir tuttu\u011funu s\u00f6ylemi\u015fti. B\u00f6hnhardt silah fanati\u011fiydi ve yabanc\u0131lardan nefret ediyordu. Askeri Koruma Servisi ve Anayasay\u0131 Koruma Dairesi&#8217;nin halihaz\u0131rda bilmekte oldu\u011fu b\u00f6yle bir ifadeye g\u00f6re bunlar\u0131n \u00fc\u00e7l\u00fcn\u00fcn Alman olmayanlara kar\u015f\u0131 \u00f6l\u00fcmc\u00fcl eylemler planlad\u0131klar\u0131n\u0131 varsaym\u0131\u015f olmalar\u0131 muhakkak gerekiyordu. Bu ifade de, yetkililerin bilmediklerini y\u00f6n\u00fcndeki s\u00fcrekli iddialar\u0131n\u0131 \u00e7\u00fcr\u00fctt\u00fc.<\/p>\n","protected":false},"excerpt":{"rendered":"<p>\u0130nkar ve masum g\u00f6sterme \u00e7abalar\u0131 VIII \u2013 J\u00fcrgen Helbig Uwe B\u00f6hnhardt\u2019\u0131n gen\u00e7lik y\u0131llar\u0131ndan arkada\u015f\u0131 olan ve yakla\u015f\u0131k 1998 y\u0131l\u0131ndan bu yana NPD \u00fcyesi olup o zamanlar Jena\u2019n\u0131n Nazi camias\u0131nda aktif olan tan\u0131k J\u00fcrgen Helbig bug\u00fcnk\u00fc duru\u015fma boyunca kem k\u00fcm ederek sessiz kald\u0131. Daha \u00f6nce Askeri Koruma Servisi, Th\u00fcringen Eyaleti Kriminal Dairesi, Federal Kriminal Dairesi ve [&hellip;]<\/p>\n","protected":false},"author":1,"featured_media":0,"comment_status":"closed","ping_status":"closed","sticky":false,"template":"","format":"standard","meta":{"_s2mail":"","footnotes":""},"categories":[1],"tags":[],"class_list":["post-560","post","type-post","status-publish","format-standard","hentry","category-allgemein"],"_links":{"self":[{"href":"https:\/\/www.nsu-nebenklage.de\/tr\/wp-json\/wp\/v2\/posts\/560","targetHints":{"allow":["GET"]}}],"collection":[{"href":"https:\/\/www.nsu-nebenklage.de\/tr\/wp-json\/wp\/v2\/posts"}],"about":[{"href":"https:\/\/www.nsu-nebenklage.de\/tr\/wp-json\/wp\/v2\/types\/post"}],"author":[{"embeddable":true,"href":"https:\/\/www.nsu-nebenklage.de\/tr\/wp-json\/wp\/v2\/users\/1"}],"replies":[{"embeddable":true,"href":"https:\/\/www.nsu-nebenklage.de\/tr\/wp-json\/wp\/v2\/comments?post=560"}],"version-history":[{"count":0,"href":"https:\/\/www.nsu-nebenklage.de\/tr\/wp-json\/wp\/v2\/posts\/560\/revisions"}],"wp:attachment":[{"href":"https:\/\/www.nsu-nebenklage.de\/tr\/wp-json\/wp\/v2\/media?parent=560"}],"wp:term":[{"taxonomy":"category","embeddable":true,"href":"https:\/\/www.nsu-nebenklage.de\/tr\/wp-json\/wp\/v2\/categories?post=560"},{"taxonomy":"post_tag","embeddable":true,"href":"https:\/\/www.nsu-nebenklage.de\/tr\/wp-json\/wp\/v2\/tags?post=560"}],"curies":[{"name":"wp","href":"https:\/\/api.w.org\/{rel}","templated":true}]}}