{"id":577,"date":"2014-05-28T23:59:57","date_gmt":"2014-05-28T21:59:57","guid":{"rendered":"http:\/\/www.nsu-nebenklage.de\/tr\/?p=577"},"modified":"2014-06-04T23:29:58","modified_gmt":"2014-06-04T21:29:58","slug":"28-05-2014","status":"publish","type":"post","link":"https:\/\/www.nsu-nebenklage.de\/tr\/2014\/05\/28\/28-05-2014\/","title":{"rendered":"28.05.2014"},"content":{"rendered":"<h4>Eminger \u00e7iftinin ka\u00e7maya yard\u0131m\u0131<\/h4>\n<p>D\u00fcnk\u00fc ana duru\u015fman\u0131n tan\u0131\u011f\u0131n hastalanmas\u0131 nedeniyle iptal olmas\u0131n\u0131n ard\u0131ndan, bug\u00fcn ilk olarak san\u0131k Eminger ve kar\u0131s\u0131n\u0131n telefon g\u00f6r\u00fc\u015fmelerini de\u011ferlendirmi\u015f olan polis memuru sorguland\u0131. Buna g\u00f6re Susann Eminger kocas\u0131na \u201eLise ve Gerry\u201cnin ortak faaliyetlerini anlatt\u0131\u011f\u0131 bir\u00e7ok SMS g\u00f6ndermi\u015fti. Beate Zsch\u00e4pe ve Uwe B\u00f6hnhardt y\u0131llarca bu takma isimleri kullanm\u0131\u015flard\u0131.<\/p>\n<p>4.11.2011 tarihinde saat 15:30\u2019da Zsch\u00e4pe\u2019nin kulland\u0131\u011f\u0131 cep telefonundan Andr\u00e9 Eminger\u2019in cep telefonu aranm\u0131\u015ft\u0131, 15:30\u2019da Eminger\u2019in telefonundan kar\u0131s\u0131na bir SMS yollanm\u0131\u015ft\u0131 (yani Eisenach\u2019daki banka soygununun, Mundlos ve B\u00f6hnhardt\u2019\u0131n \u00f6l\u00fcm\u00fcn\u00fcn ve Zwickau Fr\u00fchlingstra\u00dfe\u2019deki evin Beate Zsch\u00e4pe taraf\u0131ndan kundaklanmas\u0131n\u0131n hemen ard\u0131ndan). Bu, Zsch\u00e4pe\u2019nin ka\u00e7mak i\u00e7in Eminger\u2019den yard\u0131m istedi\u011fine dair kuvvetli bir ipucu. 5.11.2011\u2019de umuma a\u00e7\u0131k bir telefon kul\u00fcbesinden Eminger ailesinin numaras\u0131n\u0131n arand\u0131\u011f\u0131 da tespit edilmi\u015fti.<\/p>\n<p>Andr\u00e9 Eminger\u2019e y\u00f6nelik su\u00e7lamalarla ilgili delillerin toplanmas\u0131 bununla birlikte ana duru\u015fman\u0131n ilk y\u0131l\u0131n\u0131 doldurmas\u0131n\u0131n ard\u0131ndan ba\u015flad\u0131. Ancak ilk detaylar, Eminger\u2019in \u00fc\u00e7l\u00fcn\u00fcn 1998\u2019de ortadan kaybolmas\u0131n\u0131n hemen ard\u0131ndan kurulmu\u015f olan ba\u011flant\u0131s\u0131n\u0131n Zsch\u00e4pe\u2019nin tutuklanmas\u0131na kadar ne kadar s\u0131k\u0131 oldu\u011funu g\u00f6sterdi bile. Delillerin toplanmas\u0131ndaki hedef, Eminger\u2019in ve kar\u0131s\u0131n\u0131n t\u00fcm bu s\u00fcre\u00e7 i\u00e7erisinde ter\u00f6rist \u00f6rg\u00fct NSU\u2019yu sadece desteklemekle kalmay\u0131p muhtemelen kendilerinin de grubun bir par\u00e7as\u0131 oldu\u011funu ortaya koymak.<\/p>\n","protected":false},"excerpt":{"rendered":"<p>Eminger \u00e7iftinin ka\u00e7maya yard\u0131m\u0131 D\u00fcnk\u00fc ana duru\u015fman\u0131n tan\u0131\u011f\u0131n hastalanmas\u0131 nedeniyle iptal olmas\u0131n\u0131n ard\u0131ndan, bug\u00fcn ilk olarak san\u0131k Eminger ve kar\u0131s\u0131n\u0131n telefon g\u00f6r\u00fc\u015fmelerini de\u011ferlendirmi\u015f olan polis memuru sorguland\u0131. Buna g\u00f6re Susann Eminger kocas\u0131na \u201eLise ve Gerry\u201cnin ortak faaliyetlerini anlatt\u0131\u011f\u0131 bir\u00e7ok SMS g\u00f6ndermi\u015fti. Beate Zsch\u00e4pe ve Uwe B\u00f6hnhardt y\u0131llarca bu takma isimleri kullanm\u0131\u015flard\u0131. 4.11.2011 tarihinde saat 15:30\u2019da [&hellip;]<\/p>\n","protected":false},"author":1,"featured_media":0,"comment_status":"closed","ping_status":"closed","sticky":false,"template":"","format":"standard","meta":{"_s2mail":"","footnotes":""},"categories":[1],"tags":[],"class_list":["post-577","post","type-post","status-publish","format-standard","hentry","category-allgemein"],"_links":{"self":[{"href":"https:\/\/www.nsu-nebenklage.de\/tr\/wp-json\/wp\/v2\/posts\/577","targetHints":{"allow":["GET"]}}],"collection":[{"href":"https:\/\/www.nsu-nebenklage.de\/tr\/wp-json\/wp\/v2\/posts"}],"about":[{"href":"https:\/\/www.nsu-nebenklage.de\/tr\/wp-json\/wp\/v2\/types\/post"}],"author":[{"embeddable":true,"href":"https:\/\/www.nsu-nebenklage.de\/tr\/wp-json\/wp\/v2\/users\/1"}],"replies":[{"embeddable":true,"href":"https:\/\/www.nsu-nebenklage.de\/tr\/wp-json\/wp\/v2\/comments?post=577"}],"version-history":[{"count":0,"href":"https:\/\/www.nsu-nebenklage.de\/tr\/wp-json\/wp\/v2\/posts\/577\/revisions"}],"wp:attachment":[{"href":"https:\/\/www.nsu-nebenklage.de\/tr\/wp-json\/wp\/v2\/media?parent=577"}],"wp:term":[{"taxonomy":"category","embeddable":true,"href":"https:\/\/www.nsu-nebenklage.de\/tr\/wp-json\/wp\/v2\/categories?post=577"},{"taxonomy":"post_tag","embeddable":true,"href":"https:\/\/www.nsu-nebenklage.de\/tr\/wp-json\/wp\/v2\/tags?post=577"}],"curies":[{"name":"wp","href":"https:\/\/api.w.org\/{rel}","templated":true}]}}