{"id":582,"date":"2014-06-04T23:52:15","date_gmt":"2014-06-04T21:52:15","guid":{"rendered":"http:\/\/www.nsu-nebenklage.de\/tr\/?p=582"},"modified":"2014-06-05T15:19:23","modified_gmt":"2014-06-05T13:19:23","slug":"04-06-2014","status":"publish","type":"post","link":"https:\/\/www.nsu-nebenklage.de\/tr\/2014\/06\/04\/04-06-2014\/","title":{"rendered":"04.06.2014"},"content":{"rendered":"<h4>Probsteigasse\u2019deki bomba \u2013 \u201eAs\u0131l \u015fimdi!\u201c<\/h4>\n<p>Bug\u00fcn 19 ya\u015f\u0131ndayken K\u00f6ln Probsteigasse\u2019deki bakkal d\u00fckkan\u0131ndaki bomba sonucunda a\u011f\u0131r yaralanm\u0131\u015f olan gen\u00e7 kad\u0131n ifade verdi. Patlaman\u0131n ard\u0131ndan on\u0131 hastanede g\u00f6rm\u00fc\u015f olan bir polis memuru olaydan g\u00f6r\u00fcn\u00fcr \u015fekilde etkilenmi\u015fti. Gen\u00e7 kad\u0131n\u0131n nas\u0131l g\u00f6r\u00fcnd\u00fc\u011f\u00fcn\u00fc bug\u00fcn hala kelimelerle tarif edemiyordu. Kriminal polis olarak ya\u015fam\u0131 boyunca \u00e7ok fazla ac\u0131 ve kedere \u015fahit olmu\u015ftu, ama bu manzara hepsinin \u00f6tesindeydi.<\/p>\n<p>Gen\u00e7 kad\u0131n yapay komaya sokulmu\u015ftu, haftalar boyunca yapay solunumda bulunmu\u015ftu. Kulak zarlar\u0131 hasar g\u00f6rm\u00fc\u015ft\u00fc. Patlama sonucunda \u00e7ene b\u00f6lgesine saplanm\u0131\u015f olan tahta par\u00e7alar\u0131n\u0131 uzakla\u015ft\u0131rmak i\u00e7in \u00e7ok say\u0131da ilave operasyon gerekmi\u015fti, y\u00fcz\u00fcndeki yaralar bug\u00fcn hala g\u00f6r\u00fcl\u00fcyordu.<\/p>\n<p>Tan\u0131\u011f\u0131n kendisi kal\u0131c\u0131 bir etki b\u0131rak\u0131yordu. Cesur ve net bir kad\u0131nd\u0131, iyile\u015fmesinin ard\u0131ndan okulunu bitirmi\u015f ve doktor olarak e\u011fitimini tamamlam\u0131\u015ft\u0131. Net s\u00f6zlerle s\u00fcreci ve yaralanmalar\u0131n\u0131 anlatt\u0131, ama bunun yan\u0131nda NSU\u2019nun kendini a\u00e7\u0131\u011fa \u00e7\u0131karmas\u0131ndan \u00f6nceki ve sonraki polis \u00e7al\u0131\u015fmalar\u0131 hakk\u0131nda g\u00f6r\u00fc\u015flerini de anlatt\u0131. Patlamay\u0131 ve t\u00fcm detaylar\u0131yla yaralanmalar\u0131 ile hastaneye g\u00f6t\u00fcr\u00fclmesini nas\u0131l alg\u0131lam\u0131\u015f oldu\u011funu, alg\u0131s\u0131n\u0131n a\u00e7\u0131k oldu\u011fu t\u00fcm s\u00fcreci tarif etti.<\/p>\n<p>Polis \u00e7al\u0131\u015fmalar\u0131ndan ancak \u00e7ok daha sonra haberi olmu\u015ftu. Polis cinayetin ard\u0131nda politik bir neden olmas\u0131n\u0131n ihtimal d\u0131\u015f\u0131 oldu\u011funa kanaat getirmi\u015fti. Aile Nazilerden \u015f\u00fcphelenmi\u015fti, polisse buna kar\u015f\u0131l\u0131k tekil su\u00e7lular\u0131n nedensiz \u015fekilde su\u00e7 i\u015flediklerini varsay\u0131yordu. Aile o zamanlar maalesef naif davranm\u0131\u015f ve avukat tutmam\u0131\u015ft\u0131, bu y\u00fczden soru\u015fturma dosyalar\u0131na eri\u015fimleri yoktu. Polisin \u00e7al\u0131\u015fmalar\u0131n\u0131n bug\u00fcnk\u00fc bak\u0131\u015f a\u00e7\u0131s\u0131ndan nas\u0131l g\u00f6r\u00fcnd\u00fc\u011f\u00fc onu \u015foke etti.<\/p>\n<p>NSU\u2019nun kendini a\u00e7\u0131\u011fa \u00e7\u0131karmas\u0131n\u0131n ard\u0131ndan polis onu yeniden sorgulad\u0131\u011f\u0131nda Naziler taraf\u0131ndan tehdit edilmekten duydu\u011fu endi\u015feleri dile getirmi\u015fti. Polisin cevab\u0131 bunun i\u00e7in bir \u201edayanak\u201c olmad\u0131\u011f\u0131ndan ibaretti. Bunun \u00fczerine g\u00fcvenini yitirmi\u015f ve bir avukat tutmu\u015ftu.<\/p>\n<p>Tan\u0131k bu olay vas\u0131tas\u0131yla \u201ehepimizin akademik derecesi oldu\u011fu halde, k\u00f6keninden dolay\u0131 bu \u015fekilde sald\u0131ran insanlar oldu\u011funu ve ard\u0131ndan Alman ulusunun muhafaza edilmesinin onlar i\u00e7in nelere de\u011fdi\u011fini \u00f6\u011frenmek\u201d kar\u015f\u0131s\u0131nda \u015foka u\u011fram\u0131\u015f g\u00f6r\u00fcn\u00fcyordu.<\/p>\n<p>Bombal\u0131 sald\u0131r\u0131n\u0131n sonucu olarak Almanya\u2019y\u0131 terketmeyi d\u00fc\u015f\u00fcn\u00fcp d\u00fc\u015f\u00fcnmemi\u015f oldu\u011fu sorusu \u00fczerine tan\u0131k \u015fu cevab\u0131 verdi: \u201e\u0130tiraf videosu yay\u0131nlan\u0131p k\u00f6kenim dolay\u0131s\u0131yla sald\u0131r\u0131ya u\u011frad\u0131\u011f\u0131m ortaya \u00e7\u0131kt\u0131\u011f\u0131nda ilk soru \u201eburada daha ne ar\u0131yorum?\u201c olmu\u015ftu. Entegrasyon konusunda \u00f6rnek te\u015fkil ediyorum ve benim gibi ki\u015filere kar\u015f\u0131 bile sava\u015f\u0131yorlarsa&#8230; \u00d6te yandan onlar\u0131n istedikleri de buydu ve \u201aas\u0131l \u015fimdi!\u2019 diye d\u00fc\u015f\u00fcnd\u00fcm.\u201c<\/p>\n","protected":false},"excerpt":{"rendered":"<p>Probsteigasse\u2019deki bomba \u2013 \u201eAs\u0131l \u015fimdi!\u201c Bug\u00fcn 19 ya\u015f\u0131ndayken K\u00f6ln Probsteigasse\u2019deki bakkal d\u00fckkan\u0131ndaki bomba sonucunda a\u011f\u0131r yaralanm\u0131\u015f olan gen\u00e7 kad\u0131n ifade verdi. Patlaman\u0131n ard\u0131ndan on\u0131 hastanede g\u00f6rm\u00fc\u015f olan bir polis memuru olaydan g\u00f6r\u00fcn\u00fcr \u015fekilde etkilenmi\u015fti. Gen\u00e7 kad\u0131n\u0131n nas\u0131l g\u00f6r\u00fcnd\u00fc\u011f\u00fcn\u00fc bug\u00fcn hala kelimelerle tarif edemiyordu. Kriminal polis olarak ya\u015fam\u0131 boyunca \u00e7ok fazla ac\u0131 ve kedere \u015fahit olmu\u015ftu, [&hellip;]<\/p>\n","protected":false},"author":1,"featured_media":0,"comment_status":"closed","ping_status":"closed","sticky":false,"template":"","format":"standard","meta":{"_s2mail":"","footnotes":""},"categories":[1],"tags":[],"class_list":["post-582","post","type-post","status-publish","format-standard","hentry","category-allgemein"],"_links":{"self":[{"href":"https:\/\/www.nsu-nebenklage.de\/tr\/wp-json\/wp\/v2\/posts\/582","targetHints":{"allow":["GET"]}}],"collection":[{"href":"https:\/\/www.nsu-nebenklage.de\/tr\/wp-json\/wp\/v2\/posts"}],"about":[{"href":"https:\/\/www.nsu-nebenklage.de\/tr\/wp-json\/wp\/v2\/types\/post"}],"author":[{"embeddable":true,"href":"https:\/\/www.nsu-nebenklage.de\/tr\/wp-json\/wp\/v2\/users\/1"}],"replies":[{"embeddable":true,"href":"https:\/\/www.nsu-nebenklage.de\/tr\/wp-json\/wp\/v2\/comments?post=582"}],"version-history":[{"count":0,"href":"https:\/\/www.nsu-nebenklage.de\/tr\/wp-json\/wp\/v2\/posts\/582\/revisions"}],"wp:attachment":[{"href":"https:\/\/www.nsu-nebenklage.de\/tr\/wp-json\/wp\/v2\/media?parent=582"}],"wp:term":[{"taxonomy":"category","embeddable":true,"href":"https:\/\/www.nsu-nebenklage.de\/tr\/wp-json\/wp\/v2\/categories?post=582"},{"taxonomy":"post_tag","embeddable":true,"href":"https:\/\/www.nsu-nebenklage.de\/tr\/wp-json\/wp\/v2\/tags?post=582"}],"curies":[{"name":"wp","href":"https:\/\/api.w.org\/{rel}","templated":true}]}}