{"id":593,"date":"2014-07-03T23:37:47","date_gmt":"2014-07-03T21:37:47","guid":{"rendered":"http:\/\/www.nsu-nebenklage.de\/tr\/?p=593"},"modified":"2014-07-05T00:42:53","modified_gmt":"2014-07-04T22:42:53","slug":"03-07-2014","status":"publish","type":"post","link":"https:\/\/www.nsu-nebenklage.de\/tr\/2014\/07\/03\/03-07-2014\/","title":{"rendered":"03.07.2014"},"content":{"rendered":"<h4>Ralf Wohhleben\u2019in su\u00e7lulu\u011funa \u015f\u00fcphe yok<\/h4>\n<p>Wohlleben\u2019in savunmas\u0131n\u0131n verdi\u011fi hakimin reddi dilek\u00e7esi, G\u00f6tzl\u2019\u00fcn ba\u015fkanl\u0131\u011f\u0131ndaki heyetin tutuklulu\u011fun devam\u0131na y\u00f6nelik karar\u0131n\u0131n netli\u011fini vurgulayan bir kararla reddedildi: M\u00fcnih Eyalet Y\u00fcksek Mahkemesi\u2019nden \u00fc\u00e7 hakim, heyet soru\u015fturma sonu\u00e7lar\u0131n\u0131n denetlenmesinin ard\u0131ndan san\u0131\u011f\u0131n su\u00e7lar\u0131ndan \u015f\u00fcphe etmiyor ve bunu tutuklulu\u011fun devam\u0131 karar\u0131nda da bu \u015fekilde ifade ediyorsa red dilek\u00e7esi verilemeyece\u011fine karar verdi. Ve heyetin Ralf Wohlleben\u2019in Ceska\u2019n\u0131n teslimine y\u00f6nelik \u00e7abalar\u0131 s\u0131ras\u0131nda bu silahla cinayet i\u015flenece\u011finin bilincinde oldu\u011fundan \u015f\u00fcphesi yoktu. Ve bu Wohlleben i\u00e7in ge\u00e7erliyse Beate Zsch\u00e4pe\u2019nin cinayete kast\u0131ndan da \u015f\u00fcphe edilmeyebilirdi.<\/p>\n<p>Bunun ard\u0131ndan tan\u0131k olarak san\u0131k Wohlleben\u2019in kar\u0131s\u0131 \u00e7a\u011fr\u0131ld\u0131. Kendisi ifade vermeyi reddetti.<\/p>\n<p>Daha sonraysa Chemnitzli Blood and Honour aktivisti ve muhbir Starke\u2019yi sorgulam\u0131\u015f olan di\u011fer bir memur sorguland\u0131. Bu ifadenin \u00f6zetleyici bir de\u011ferlendirilmesi son sorgu memurunun 30 Temmuz tarihinde sorgulanmas\u0131n\u0131n ard\u0131ndan yap\u0131lacak.<\/p>\n<p>Son olarak kad\u0131n bir tan\u0131\u011f\u0131 sorgulam\u0131\u015f olan Devlet G\u00fcvenli\u011fi\u2019nden Dortmundlu bir polis memuru sorguland\u0131. Bu kad\u0131n memura \u00e7eli\u015fkili olsa da olas\u0131 su\u00e7lular olarak net \u015fekilde \u201ea\u015f\u0131r\u0131 sa\u011fc\u0131lara\u201c i\u015faret eden bilgiler vermi\u015fti. Tan\u0131k \u015f\u00fcphelileri \u201eNaziler\u201c veya \u201euyu\u015fturucu ba\u011f\u0131ml\u0131lar\u0131\u201c olarak tarif etti\u011finde bug\u00fcn sorgulanan polis memuru bu ifadeyi ara\u015ft\u0131rmad\u0131\u011f\u0131ndan bu ipucuna dikkat edilmemi\u015fti. G\u00f6rev alan\u0131 \u201eT\u00fcrkler\/K\u00fcrtler\u201c olan bu polis memuru bug\u00fcn de olaylar\u0131n ayd\u0131nlat\u0131lmas\u0131na bir katk\u0131da bulunamad\u0131.<\/p>\n","protected":false},"excerpt":{"rendered":"<p>Ralf Wohhleben\u2019in su\u00e7lulu\u011funa \u015f\u00fcphe yok Wohlleben\u2019in savunmas\u0131n\u0131n verdi\u011fi hakimin reddi dilek\u00e7esi, G\u00f6tzl\u2019\u00fcn ba\u015fkanl\u0131\u011f\u0131ndaki heyetin tutuklulu\u011fun devam\u0131na y\u00f6nelik karar\u0131n\u0131n netli\u011fini vurgulayan bir kararla reddedildi: M\u00fcnih Eyalet Y\u00fcksek Mahkemesi\u2019nden \u00fc\u00e7 hakim, heyet soru\u015fturma sonu\u00e7lar\u0131n\u0131n denetlenmesinin ard\u0131ndan san\u0131\u011f\u0131n su\u00e7lar\u0131ndan \u015f\u00fcphe etmiyor ve bunu tutuklulu\u011fun devam\u0131 karar\u0131nda da bu \u015fekilde ifade ediyorsa red dilek\u00e7esi verilemeyece\u011fine karar verdi. Ve heyetin [&hellip;]<\/p>\n","protected":false},"author":1,"featured_media":0,"comment_status":"closed","ping_status":"closed","sticky":false,"template":"","format":"standard","meta":{"_s2mail":"","footnotes":""},"categories":[1],"tags":[],"class_list":["post-593","post","type-post","status-publish","format-standard","hentry","category-allgemein"],"_links":{"self":[{"href":"https:\/\/www.nsu-nebenklage.de\/tr\/wp-json\/wp\/v2\/posts\/593","targetHints":{"allow":["GET"]}}],"collection":[{"href":"https:\/\/www.nsu-nebenklage.de\/tr\/wp-json\/wp\/v2\/posts"}],"about":[{"href":"https:\/\/www.nsu-nebenklage.de\/tr\/wp-json\/wp\/v2\/types\/post"}],"author":[{"embeddable":true,"href":"https:\/\/www.nsu-nebenklage.de\/tr\/wp-json\/wp\/v2\/users\/1"}],"replies":[{"embeddable":true,"href":"https:\/\/www.nsu-nebenklage.de\/tr\/wp-json\/wp\/v2\/comments?post=593"}],"version-history":[{"count":0,"href":"https:\/\/www.nsu-nebenklage.de\/tr\/wp-json\/wp\/v2\/posts\/593\/revisions"}],"wp:attachment":[{"href":"https:\/\/www.nsu-nebenklage.de\/tr\/wp-json\/wp\/v2\/media?parent=593"}],"wp:term":[{"taxonomy":"category","embeddable":true,"href":"https:\/\/www.nsu-nebenklage.de\/tr\/wp-json\/wp\/v2\/categories?post=593"},{"taxonomy":"post_tag","embeddable":true,"href":"https:\/\/www.nsu-nebenklage.de\/tr\/wp-json\/wp\/v2\/tags?post=593"}],"curies":[{"name":"wp","href":"https:\/\/api.w.org\/{rel}","templated":true}]}}