{"id":597,"date":"2014-06-25T23:44:55","date_gmt":"2014-06-25T21:44:55","guid":{"rendered":"http:\/\/www.nsu-nebenklage.de\/tr\/?p=597"},"modified":"2014-07-04T08:46:31","modified_gmt":"2014-07-04T06:46:31","slug":"24-25-06-2014","status":"publish","type":"post","link":"https:\/\/www.nsu-nebenklage.de\/tr\/2014\/06\/25\/24-25-06-2014\/","title":{"rendered":"24.\/25.06.2014"},"content":{"rendered":"<p>Bug\u00fcnki rapor \u015fuan terc\u00fcme edilmektedir. T\u00fcrk\u00e7e versiyonu en k\u0131sa zamanda buraya eklenilecek. Gecikmeden dolay\u0131 \u00f6z\u00fcr dileriz.<\/p>\n","protected":false},"excerpt":{"rendered":"<p>Bug\u00fcnki rapor \u015fuan terc\u00fcme edilmektedir. T\u00fcrk\u00e7e versiyonu en k\u0131sa zamanda buraya eklenilecek. Gecikmeden dolay\u0131 \u00f6z\u00fcr dileriz.<\/p>\n","protected":false},"author":1,"featured_media":0,"comment_status":"closed","ping_status":"closed","sticky":false,"template":"","format":"standard","meta":{"_s2mail":"","footnotes":""},"categories":[1],"tags":[],"class_list":["post-597","post","type-post","status-publish","format-standard","hentry","category-allgemein"],"_links":{"self":[{"href":"https:\/\/www.nsu-nebenklage.de\/tr\/wp-json\/wp\/v2\/posts\/597","targetHints":{"allow":["GET"]}}],"collection":[{"href":"https:\/\/www.nsu-nebenklage.de\/tr\/wp-json\/wp\/v2\/posts"}],"about":[{"href":"https:\/\/www.nsu-nebenklage.de\/tr\/wp-json\/wp\/v2\/types\/post"}],"author":[{"embeddable":true,"href":"https:\/\/www.nsu-nebenklage.de\/tr\/wp-json\/wp\/v2\/users\/1"}],"replies":[{"embeddable":true,"href":"https:\/\/www.nsu-nebenklage.de\/tr\/wp-json\/wp\/v2\/comments?post=597"}],"version-history":[{"count":0,"href":"https:\/\/www.nsu-nebenklage.de\/tr\/wp-json\/wp\/v2\/posts\/597\/revisions"}],"wp:attachment":[{"href":"https:\/\/www.nsu-nebenklage.de\/tr\/wp-json\/wp\/v2\/media?parent=597"}],"wp:term":[{"taxonomy":"category","embeddable":true,"href":"https:\/\/www.nsu-nebenklage.de\/tr\/wp-json\/wp\/v2\/categories?post=597"},{"taxonomy":"post_tag","embeddable":true,"href":"https:\/\/www.nsu-nebenklage.de\/tr\/wp-json\/wp\/v2\/tags?post=597"}],"curies":[{"name":"wp","href":"https:\/\/api.w.org\/{rel}","templated":true}]}}