{"id":624,"date":"2014-07-15T23:35:14","date_gmt":"2014-07-15T21:35:14","guid":{"rendered":"http:\/\/www.nsu-nebenklage.de\/tr\/?p=624"},"modified":"2014-07-18T08:30:02","modified_gmt":"2014-07-18T06:30:02","slug":"15-07-2014","status":"publish","type":"post","link":"https:\/\/www.nsu-nebenklage.de\/tr\/2014\/07\/15\/15-07-2014\/","title":{"rendered":"15.07.2014"},"content":{"rendered":"<h4>Tino Brandt \u2013 Anayasay\u0131 Koruma Dairesi ad\u0131na \u00e7al\u0131\u015fan Nazi fonksiyoneri, 1. B\u00f6l\u00fcm<\/h4>\n<p>Hafta boyunca eski lider Nazi fonksiyoneri, Th\u00fcringen Vatan Koruma\u2019n\u0131n kurucular\u0131ndan olup uzun y\u0131llar boyunca Th\u00fcringen Anayasay\u0131 Koruma Dairesi\u2019nin muhbirli\u011fini yapm\u0131\u015f olan Tino Brandt\u2019\u0131n sorgulanmas\u0131 planlan\u0131yor. Brandt k\u0131sa bir s\u00fcredir g\u00f6zalt\u0131nda. Kendisine y\u00f6nelik su\u00e7lamalr aras\u0131nda gen\u00e7 erkekleri fuhu\u015fa te\u015fvik etmek de var.<\/p>\n<p>Brant, 2011 y\u0131l\u0131nda kimli\u011fi ortaya \u00e7\u0131kana kadar Th\u00fcringen Eyaleti Anayasay\u0131 Koruma Dairesi\u2019nin ana bilgi kayna\u011f\u0131yd\u0131. Bug\u00fcn anlatt\u0131\u011f\u0131na g\u00f6re ilk olarak daha sonralar\u0131 Th\u00fcringen Yolda\u015fl\u0131klar\u0131n\u0131n ortak \u00f6rg\u00fct\u00fc olan Th\u00fcringen Vatan Koruma\u2019ya d\u00f6n\u00fc\u015fen Ostth\u00fcringen Anti-Antifa\u2019da aktifti. Muhbir olarak g\u00f6revini de Nazi faaliyetlerini de dikkatle anlatt\u0131, halen inand\u0131\u011f\u0131 Nasyonal Sosyalist ideolojiyi do\u011frulad\u0131, ama \u00f6zellikle TVK\u2019n\u0131n \u015fiddet eylemlerini masumla\u015ft\u0131rmaya \u00e7al\u0131\u015ft\u0131.<\/p>\n<p>Anayasay\u0131 Koruma Dairesi i\u00e7in y\u00fcr\u00fctt\u00fc\u011f\u00fc g\u00f6rev, basit bir bilgilendirme konu\u015fmas\u0131 s\u0131ras\u0131nda ortaya \u00e7\u0131km\u0131\u015ft\u0131. Ba\u011flant\u0131da oldu\u011fu iki ki\u015fi ona \u201eyolda\u015flar\u0131n\u0131n\u201c i\u015fledikleri su\u00e7lar hakk\u0131nda bilgi vermesi gerekmedi\u011fini, \u00e7\u00fcnk\u00fc Anayasay\u0131 Koruma Dairesi\u2019nin bir adli kovu\u015fturma mercisi olmad\u0131\u011f\u0131n\u0131 s\u00f6ylemi\u015flerdi. Sadece kim kiminle \u00e7al\u0131\u015f\u0131yor bilmek istiyorlard\u0131. Anla\u015ft\u0131klar\u0131 bu esasa g\u00f6re onlara hep ger\u00e7e\u011fi bildiriyordu. Eyalet Dairesi kimi politik i\u015flevleri \u00fcstlenmedi\u011fini ve kimi eylemleri yerine getirmedi\u011fini s\u00f6yledi\u011finde buna kar\u015f\u0131 \u00e7\u0131km\u0131\u015ft\u0131. Hatta g\u00f6revinin sona erdirilmesiyle tehdit edilmi\u015fti, ama bu ger\u00e7ekle\u015fmemi\u015fti. Yani Anayasay\u0131 Koruma Dairesi Brandt\u2019\u0131n muhbir olarak Nazi camias\u0131n\u0131n i\u015fledi\u011fi su\u00e7lar hakk\u0131nda bilgi vermemesini g\u00f6ze alm\u0131\u015ft\u0131 ve TVK\u2019n\u0131n yap\u0131lanmas\u0131n\u0131 devletin paras\u0131yla finanse edip sadece g\u00f6steriler, propaganda afi\u015fleri ve fonksiyonerlerle ilgili genel bilgilerin verilmesiyle birlikte Brandt\u2019\u0131n ikili oynamas\u0131n\u0131 m\u00fcmk\u00fcn k\u0131lm\u0131\u015ft\u0131.<\/p>\n<p>G\u00f6revi kar\u015f\u0131l\u0131\u011f\u0131nda tahminen 100.000 ila 140.000 Euro aras\u0131nda bir para kazanm\u0131\u015ft\u0131. Para politik faaliyetler, ula\u015f\u0131m ve telefon masraflar\u0131, propganda afi\u015fleri ve \u00f6rne\u011fin Andr\u00e9 Kapke\u2019nin para cezas\u0131 i\u00e7in harcanm\u0131\u015ft\u0131. G\u00f6revini, i\u015fe al\u0131nmas\u0131n\u0131n hemen ard\u0131ndan NPD fonksiyoneri Kai Dalek\u2019 \u201ebildirmi\u015fti\u201c. Dalek\u2019in bug\u00fcn hala Anayasay\u0131 Koruma Dairesi i\u00e7in \u00e7al\u0131\u015f\u0131\u011f\u0131n\u0131 biliyoruz. Di\u011ferleriyle muhbirli\u011fiyle ilgili olarak a\u00e7\u0131k a\u00e7\u0131k konu\u015fmam\u0131\u015ft\u0131 ama s\u00fcrekli i\u015fine para ak\u0131tt\u0131\u011f\u0131ndan ve bu para i\u015finden de\u011fil sadece devletten gelebilece\u011finden \u00e7o\u011fu ki\u015finin ne yapt\u0131\u011f\u0131n\u0131 bildi\u011fini varsay\u0131yordu.<\/p>\n<p>\u00dc\u00e7l\u00fc ve san\u0131klar\u0131 (Sachsen\u2019den gelen Andr\u00e9 Eminger hari\u00e7) ortak politik \u00e7al\u0131\u015fmalar\u0131ndan \u00e7ok iyi tan\u0131yordu. \u201eJenal\u0131lar\u201c farkl\u0131 gruplar halinde TVK\u2019n\u0131n \u00f6zel kadro oturumunlar\u0131na her 4-6 haftada bir geliyorlard\u0131. Beate Zsch\u00e4pe de Germenizm ve Nasyonal Sosyalizm\u2019le ilgili e\u011fitimlerde iyice oturmu\u015f bir d\u00fcnya g\u00f6r\u00fc\u015f\u00fc sergiliyordu. Jena yolda\u015fl\u0131\u011f\u0131 \u00e7ok eliterdi, \u201ekitlelerden\u201c \u00e7ok \u201es\u0131n\u0131fa\u201c dayan\u0131yordu. Herkesin oturmu\u015f bir Nasyonal Sosyalist d\u00fcnya g\u00f6r\u00fc\u015f\u00fc vard\u0131 ve bunu tart\u0131\u015fmac\u0131 \u015fekilde temsil edecek seviyedeydiler. NSU esasen TVK\u2019n\u0131n Jena \u015fubesi olarak olu\u015fmu\u015f ve muhbir Brandt\u2019\u0131n yard\u0131m\u0131yla yap\u0131lanm\u0131\u015ft\u0131.<\/p>\n<p>B\u00f6hnhardt, Mundlos ve Zsch\u00e4pe\u2019nin ortadan kaybolmalar\u0131n\u0131n ard\u0131ndan Pogromly oyununu satm\u0131\u015f ve kazanc\u0131n\u0131 ba\u015flang\u0131\u00e7ta Kapke ve sonralar\u0131 Schultze \u00fczerinden \u00fc\u00e7l\u00fcye iletmi\u015fti. TVK \u00e7evrelerinde pek \u00e7ok ki\u015fiden para toplam\u0131\u015flard\u0131. Anayasay\u0131 Koruma Dairesi\u2019nden de \u00fc\u00e7l\u00fc i\u00e7in 1000 ila 2000 DM aras\u0131nda bir para toplam\u0131\u015f ve onlara iletmi\u015fti.<\/p>\n<p>Mundlos veya B\u00f6hnhardt ile de en az\u0131ndan bir kez telefonla\u015fm\u0131\u015ft\u0131, \u00e7\u00fcnk\u00fc ne kadar para toplad\u0131\u011f\u0131n\u0131 \u00f6\u011frenmek istiyorlard\u0131. Kapke\u2019nin ba\u011f\u0131\u015flar\u0131 zimmetine ge\u00e7irdi\u011fi \u015f\u00fcphesi olu\u015fmu\u015ftu. Kontaklar\u0131n koordinasyonu daha sonra Carsten Schultze taraf\u0131ndan \u00fcstlenilmi\u015fti. NSU \u00fcyeleri yasaya ayk\u0131r\u0131 durumlarda bile Brandt\u2019a g\u00fcvenebiliyorlard\u0131, yasaya aykr\u0131 i\u015fleri bile devletin paras\u0131yla finanse edebiliyorlard\u0131.<\/p>\n<p>Bug\u00fcn genel olarak muhbir Brandt\u2019\u0131n Th\u00fcringen Vatan Koruma\u2019y\u0131 organize eden esas ki\u015filerden oldu\u011fu, Jena grubunun rol modellerinden oldu\u011fu ve bu ki\u015fileri \u00e7ok etkiledi\u011fi a\u00e7\u0131kl\u0131k kazand\u0131.<\/p>\n<p>\u00c7ar\u015famba ve per\u015fembe g\u00fcn\u00fc devam edecek olan sorgu bu konular\u0131n \u00e7o\u011funu daha detayl\u0131 \u015fekilde a\u00e7\u0131\u011fa \u00e7\u0131karacak. Brandt da ayr\u0131nt\u0131lar konusunda hat\u0131rlamad\u0131klar\u0131n\u0131 \u00f6ne s\u00fcrerek yalan m\u0131 s\u00f6yleyecek, yoksa muhbirlik kariyerinde bir kez olsun \u201eparas\u0131na lay\u0131k\u201c m\u0131 olacak g\u00f6rece\u011fiz.<\/p>\n","protected":false},"excerpt":{"rendered":"<p>Tino Brandt \u2013 Anayasay\u0131 Koruma Dairesi ad\u0131na \u00e7al\u0131\u015fan Nazi fonksiyoneri, 1. B\u00f6l\u00fcm Hafta boyunca eski lider Nazi fonksiyoneri, Th\u00fcringen Vatan Koruma\u2019n\u0131n kurucular\u0131ndan olup uzun y\u0131llar boyunca Th\u00fcringen Anayasay\u0131 Koruma Dairesi\u2019nin muhbirli\u011fini yapm\u0131\u015f olan Tino Brandt\u2019\u0131n sorgulanmas\u0131 planlan\u0131yor. Brandt k\u0131sa bir s\u00fcredir g\u00f6zalt\u0131nda. Kendisine y\u00f6nelik su\u00e7lamalr aras\u0131nda gen\u00e7 erkekleri fuhu\u015fa te\u015fvik etmek de var. Brant, 2011 [&hellip;]<\/p>\n","protected":false},"author":1,"featured_media":0,"comment_status":"closed","ping_status":"closed","sticky":false,"template":"","format":"standard","meta":{"_s2mail":"","footnotes":""},"categories":[1],"tags":[],"class_list":["post-624","post","type-post","status-publish","format-standard","hentry","category-allgemein"],"_links":{"self":[{"href":"https:\/\/www.nsu-nebenklage.de\/tr\/wp-json\/wp\/v2\/posts\/624","targetHints":{"allow":["GET"]}}],"collection":[{"href":"https:\/\/www.nsu-nebenklage.de\/tr\/wp-json\/wp\/v2\/posts"}],"about":[{"href":"https:\/\/www.nsu-nebenklage.de\/tr\/wp-json\/wp\/v2\/types\/post"}],"author":[{"embeddable":true,"href":"https:\/\/www.nsu-nebenklage.de\/tr\/wp-json\/wp\/v2\/users\/1"}],"replies":[{"embeddable":true,"href":"https:\/\/www.nsu-nebenklage.de\/tr\/wp-json\/wp\/v2\/comments?post=624"}],"version-history":[{"count":0,"href":"https:\/\/www.nsu-nebenklage.de\/tr\/wp-json\/wp\/v2\/posts\/624\/revisions"}],"wp:attachment":[{"href":"https:\/\/www.nsu-nebenklage.de\/tr\/wp-json\/wp\/v2\/media?parent=624"}],"wp:term":[{"taxonomy":"category","embeddable":true,"href":"https:\/\/www.nsu-nebenklage.de\/tr\/wp-json\/wp\/v2\/categories?post=624"},{"taxonomy":"post_tag","embeddable":true,"href":"https:\/\/www.nsu-nebenklage.de\/tr\/wp-json\/wp\/v2\/tags?post=624"}],"curies":[{"name":"wp","href":"https:\/\/api.w.org\/{rel}","templated":true}]}}