{"id":627,"date":"2014-07-17T23:27:52","date_gmt":"2014-07-17T21:27:52","guid":{"rendered":"http:\/\/www.nsu-nebenklage.de\/tr\/?p=627"},"modified":"2014-07-18T21:04:36","modified_gmt":"2014-07-18T19:04:36","slug":"17-07-2014","status":"publish","type":"post","link":"https:\/\/www.nsu-nebenklage.de\/tr\/2014\/07\/17\/17-07-2014\/","title":{"rendered":"17.07.2014"},"content":{"rendered":"<h4>Zsch\u00e4pe\u2019nin cevab\u0131 bekleniyor<\/h4>\n<p>D\u00fcn ana duru\u015fmaya ara verilmesinin ard\u0131ndan yo\u011fun spek\u00fclasyon ve tahminlerde bulunulmaya ba\u015fland\u0131. Daha k\u0131sa s\u00fcre \u00f6nce Zsch\u00e4pe\u2019nin avukatlar\u0131n\u0131 \u00e7ok \u00f6vm\u00fc\u015f olan gazeteler \u015fimdi onlar\u0131 k\u0131n\u0131yorlar.<\/p>\n<p>Beate Zsch\u00e4pe\u2019ye, t\u0131pk\u0131 savunmas\u0131n\u0131n yapt\u0131\u011f\u0131 gibi ifade vermekten ka\u00e7\u0131nmay\u0131 \u00f6nermek i\u00e7in \u00e7ok sebeb olabilece\u011fi bir ger\u00e7ek. Bir y\u0131l\u0131 a\u015fk\u0131n s\u00fcredir devam eden ana duru\u015fman\u0131n ve Ralf Wohlleben\u2019in tutuklulu\u011funun devam\u0131na karar verilmesinin ard\u0131ndan Beate Zsch\u00e4pe\u2019nin ruh halinin dibe vurabilece\u011fi de bir ger\u00e7ek. Kendisine y\u00f6neltilen t\u00fcm su\u00e7lardan h\u00fck\u00fcm giymesi giderek daha da olas\u0131 bir hal al\u0131yor, \u00e7ok uzun bir s\u00fcre tutuklu kalabilece\u011finin fark\u0131nda olmas\u0131 gerek.<\/p>\n<p>Bu a\u00e7\u0131dan bak\u0131l\u0131nca Zsch\u00e4pe\u2019nin eski yolda\u015f\u0131 ve muhbir Brandt\u2019\u0131n \u00e7ifte ihaneti, durumunun \u00e7\u0131k\u0131\u015fs\u0131zl\u0131\u011f\u0131n\u0131 bir kez daha t\u00fcm a\u00e7\u0131kl\u0131\u011f\u0131yla g\u00f6zler \u00f6n\u00fcne seriyor olmal\u0131. Ne de olsa Th\u00fcringen Vatan Koruma kapsam\u0131nda Jena Yolda\u015fl\u0131\u011f\u0131\u2019n\u0131 organize etmi\u015f olan ki\u015fi de Brandt idi. Brandt Nazi camias\u0131n\u0131 radikalle\u015ftirdi, komplo teorileri ve politik kar\u015f\u0131tlar\u0131na kar\u015f\u0131 militan ve \u015fiddet yanl\u0131s\u0131 stratejiler geli\u015ftirdi, silahl\u0131 sava\u015f propagandas\u0131 yapt\u0131 ve t\u00fcm bunlar\u0131 Anayasay\u0131 Koruma Dairesi ad\u0131na ve onlar\u0131n paras\u0131yla ger\u00e7ekle\u015ftirdi. Zsch\u00e4pe ve su\u00e7 ortaklar\u0131 i\u00e7in bir arkada\u015ftan \u00e7ok bir yolda\u015f olan Brandt mahkemede sorulara cevap verirken kendisini NPD ile birlikte se\u00e7im ba\u015far\u0131s\u0131n\u0131 hedefleyen ve hep yasal olaral \u00e7al\u0131\u015fan bir \u201eNasyonal Sosyalist\u201c olarak tarif etti. Zsch\u00e4pe muhakkak avukatlar\u0131n\u0131n bu tan\u0131\u011fa kar\u015f\u0131 geleceklerini, ona ve Anayasay\u0131 Koruma Dairesi\u2019ne sald\u0131racaklar\u0131n\u0131, itibar\u0131n\u0131 sarsacaklar\u0131n\u0131 bekliyordu. Bunu yapmamalar\u0131n\u0131n ge\u00e7erli sebepleri olabilir. Brandt Zsch\u00e4pe hakk\u0131nda belki \u015fu ana kadar mahkeme salonunda anlatt\u0131klar\u0131ndan daha fazlas\u0131n\u0131 biliyor. Ama bunun sebebi avukatlar\u0131n beceriksizli\u011fi veya m\u00fcvekkillerinin ihtiya\u00e7lar\u0131n\u0131 yeterince anlamamalar\u0131 da olabilir.<\/p>\n<p>Zsch\u00e4pe\u2019nin tamamen yeni avukatlar edinmeye y\u00f6nelik iste\u011fi ger\u00e7ekle\u015fmeyecek. Avukatlar\u0131ndan biri muhtemelen g\u00f6n\u00fcll\u00fc olarak g\u00f6revinden vazge\u00e7ip haz\u0131rl\u0131ks\u0131z olarak onun yerine ge\u00e7en yeni bir avukata yer a\u00e7acak. Mahkeme taraf\u0131ndan d\u00f6rd\u00fcnc\u00fc bir avukat atanmas\u0131 da d\u00fc\u015f\u00fcn\u00fclebilir, \u00e7\u00fcnk\u00fc \u00fc\u00e7 ki\u015filik yasal s\u0131n\u0131rlama sadece se\u00e7ilmi\u015f avukatlar i\u00e7in ge\u00e7erli. Mahkeme nas\u0131l karar verirse versin bu durumun dava s\u00fcrecinde b\u00fcy\u00fck bir d\u00f6n\u00fc\u015f\u00fcme yol a\u00e7\u0131p a\u00e7mayaca\u011f\u0131n\u0131 belirleyecek olan durum Beate Zsch\u00e4pe\u2019nin ifade verip vermeyece\u011fi.<\/p>\n<p>M\u00fcnih Eyalet Y\u00fcksek Mahkemesi Zsch\u00e4pe\u2019nin avukatlar\u0131n\u0131n g\u00f6revden al\u0131nmas\u0131 i\u00e7in verdi\u011fi dilek\u00e7enin yaz\u0131l\u0131 gerek\u00e7esinin son teslim tarihini cuma ak\u015fam\u00fcst\u00fcne kadar uzatt\u0131. Mahkemenin bu durum nedeniyle davada b\u00fcy\u00fck bir gecikmeye izin verece\u011fi d\u00fc\u015f\u00fcn\u00fclm\u00fcyor. \u00d6n\u00fcm\u00fczdeki sal\u0131 g\u00fcn\u00fc duru\u015fmaya devam edilecek.<\/p>\n<p>\u015eu an itibariyle ba\u015fka tahminlerde bulunmak m\u00fcmk\u00fcn de\u011fil.<\/p>\n","protected":false},"excerpt":{"rendered":"<p>Zsch\u00e4pe\u2019nin cevab\u0131 bekleniyor D\u00fcn ana duru\u015fmaya ara verilmesinin ard\u0131ndan yo\u011fun spek\u00fclasyon ve tahminlerde bulunulmaya ba\u015fland\u0131. Daha k\u0131sa s\u00fcre \u00f6nce Zsch\u00e4pe\u2019nin avukatlar\u0131n\u0131 \u00e7ok \u00f6vm\u00fc\u015f olan gazeteler \u015fimdi onlar\u0131 k\u0131n\u0131yorlar. Beate Zsch\u00e4pe\u2019ye, t\u0131pk\u0131 savunmas\u0131n\u0131n yapt\u0131\u011f\u0131 gibi ifade vermekten ka\u00e7\u0131nmay\u0131 \u00f6nermek i\u00e7in \u00e7ok sebeb olabilece\u011fi bir ger\u00e7ek. Bir y\u0131l\u0131 a\u015fk\u0131n s\u00fcredir devam eden ana duru\u015fman\u0131n ve Ralf Wohlleben\u2019in [&hellip;]<\/p>\n","protected":false},"author":1,"featured_media":0,"comment_status":"closed","ping_status":"closed","sticky":false,"template":"","format":"standard","meta":{"_s2mail":"yes","footnotes":""},"categories":[1],"tags":[],"class_list":["post-627","post","type-post","status-publish","format-standard","hentry","category-allgemein"],"_links":{"self":[{"href":"https:\/\/www.nsu-nebenklage.de\/tr\/wp-json\/wp\/v2\/posts\/627","targetHints":{"allow":["GET"]}}],"collection":[{"href":"https:\/\/www.nsu-nebenklage.de\/tr\/wp-json\/wp\/v2\/posts"}],"about":[{"href":"https:\/\/www.nsu-nebenklage.de\/tr\/wp-json\/wp\/v2\/types\/post"}],"author":[{"embeddable":true,"href":"https:\/\/www.nsu-nebenklage.de\/tr\/wp-json\/wp\/v2\/users\/1"}],"replies":[{"embeddable":true,"href":"https:\/\/www.nsu-nebenklage.de\/tr\/wp-json\/wp\/v2\/comments?post=627"}],"version-history":[{"count":0,"href":"https:\/\/www.nsu-nebenklage.de\/tr\/wp-json\/wp\/v2\/posts\/627\/revisions"}],"wp:attachment":[{"href":"https:\/\/www.nsu-nebenklage.de\/tr\/wp-json\/wp\/v2\/media?parent=627"}],"wp:term":[{"taxonomy":"category","embeddable":true,"href":"https:\/\/www.nsu-nebenklage.de\/tr\/wp-json\/wp\/v2\/categories?post=627"},{"taxonomy":"post_tag","embeddable":true,"href":"https:\/\/www.nsu-nebenklage.de\/tr\/wp-json\/wp\/v2\/tags?post=627"}],"curies":[{"name":"wp","href":"https:\/\/api.w.org\/{rel}","templated":true}]}}