{"id":642,"date":"2014-07-29T23:10:37","date_gmt":"2014-07-29T21:10:37","guid":{"rendered":"http:\/\/www.nsu-nebenklage.de\/tr\/?p=642"},"modified":"2014-07-30T19:13:59","modified_gmt":"2014-07-30T17:13:59","slug":"29-07-2014","status":"publish","type":"post","link":"https:\/\/www.nsu-nebenklage.de\/tr\/2014\/07\/29\/29-07-2014\/","title":{"rendered":"29.07.2014"},"content":{"rendered":"<h4>San\u0131k Zsch\u00e4pe\u2019nin hakimin reddi ba\u015fvurusu \u2013 Kuru g\u00fcr\u00fclt\u00fc*<\/h4>\n<p>Bug\u00fcnk\u00fc duru\u015fma b\u00fcy\u00fck \u00f6l\u00e7\u00fcde verimsiz ge\u00e7ti:<\/p>\n<p>\u00dc\u00e7l\u00fcn\u00fcn Chemnitz\u2019deki \u201eBlood and Honour\u201c \u00e7evrelerinden ilk destek\u00e7ilerinden biri olan tan\u0131k Thomas Rother\u2019nin sorgusuna yeniden ara verilmesi gerekti ve sorguya ba\u015fka bir g\u00fcn devam edilecek. Rothe olaylar\u0131n \u00fczerinden 14 y\u0131l ge\u00e7ti\u011fini ve o zamanlar da pek bir \u015feyden haberi olmad\u0131\u011f\u0131n\u0131 vurgulamaktan yorulmad\u0131. Ama Blood and Honour\u2019\u0131n \u201eiki \u00fc\u00e7 konserinin\u201c organizasyonuna kat\u0131lm\u0131\u015f oldu\u011funu da itiraf etti. Heyet ba\u015fkan\u0131 hakim, Rothe\u2019nin polis taraf\u0131ndan ger\u00e7ekle\u015ftirilen eski bir sorgusundan bir b\u00f6l\u00fcm\u00fc \u015fu s\u00f6zlerle yorumlad\u0131: \u201eBurada d\u00fcped\u00fcz yalan s\u00f6ylemi\u015fsiniz!\u201c Sorgunun nas\u0131l devam edece\u011fi merak uyand\u0131r\u0131c\u0131.<br \/>\nBunun ard\u0131ndan 2011 y\u0131l\u0131nda, Zwickau\u2019daki NSU evlerini kiralayan muhtemel NSU destek\u00e7isi Matthias Dienelt\u2019i sorgulam\u0131\u015f olan Eyalet Y\u00fcksek Mahkemesi\u2019nin bir soru\u015fturma hakimi sorguland\u0131. Bu sorgu Zsch\u00e4pe\u2019nin savunmas\u0131na m\u00fcvekkillerini \u201eellerindeki her \u015feyle savunacaklar\u0131n\u0131\u201c (S\u00fcddeutsche Zeitung\u2019un de\u011ferlendirmesi) g\u00f6sterme f\u0131rsat\u0131n\u0131 verdi. Buna en ufak bir ba\u015far\u0131 elde etme \u015fanslar\u0131 olmad\u0131\u011f\u0131n\u0131 bilmeleri gereken hakimin reddi \u00e7abalar\u0131 da dahildi. Heyet ba\u015fkan\u0131 tan\u0131\u011fa o zamanki tutanaktan uzun b\u00f6l\u00fcmleri hat\u0131rlat\u0131p bunlar\u0131 onaylamas\u0131n\u0131 istedi. Ancak i\u00e7lerinden iki tanesi savunman\u0131n g\u00f6r\u00fc\u015f\u00fcne g\u00f6re Beate Zsch\u00e4pe\u2019yi aklayan di\u011fer k\u0131s\u0131mlar\u0131 okumad\u0131. Heyet ba\u015fkan\u0131, Zsch\u00e4pe\u2019nin savunmas\u0131na g\u00f6re bu \u015fekilde \u00f6nyarg\u0131l\u0131 oldu\u011funu g\u00f6sterdi ve mahkemenin di\u011fer \u00fcyeleri de bu konuyla ilgili soru sormad\u0131klar\u0131ndan ayn\u0131s\u0131 onlar i\u00e7in de ge\u00e7erliydi. Heyet ba\u015fkan\u0131n\u0131n bir \u00e7ok tan\u0131\u011fa sorgu tutanaklar\u0131ndan b\u00fcy\u00fck b\u00f6l\u00fcmler okuyup \u201ekafa sallayarak onaylatmas\u0131\u201c e\u011filimini nas\u0131l bulurlarsa bulsunlar tutanaklar\u0131n tamam\u0131n\u0131 okumad\u0131\u011f\u0131 gerek\u00e7esiyle yap\u0131lan bir red \u00f6l\u00e7\u00fcy\u00fc a\u015f\u0131yor. Savunma sorgular\u0131 s\u0131ras\u0131nda olas\u0131 bo\u015fluklar\u0131 her zaman kapatabilir. Bu dilek\u00e7e Zsch\u00e4pe\u2019nin avukatlar\u0131 aras\u0131ndaki \u201eiklimin korunmas\u0131\u201c haricinde hi\u00e7 bir i\u015fe yaram\u0131yor.<\/p>\n<p>Red dilek\u00e7esiyle ilgili olarak mahkemeden bir ba\u015fka heyet karar verecek. Ana duru\u015fmaya ve soru\u015fturma hakiminin sorgusuna \u015fimdilik devam edildi. Savunman\u0131n Dienelt\u2019in ifadesinin Zsch\u00e4pe\u2019yi aklad\u0131\u011f\u0131 \u00f6ne s\u00fcr\u00fclen niteliklerini ortaya \u00e7\u0131karaca\u011f\u0131n\u0131 bekleyenler hayalk\u0131r\u0131kl\u0131\u011f\u0131na u\u011frad\u0131. Bunun yerine \u201eradikal sa\u011fc\u0131\u201c ve \u201ea\u015f\u0131r\u0131 sa\u011fc\u0131\u201c d\u00fc\u015f\u00fcnce aras\u0131ndaki fark hakk\u0131nda anla\u015f\u0131lmaz a\u00e7\u0131klamalar ve tutuklama hakiminin o zamanki kararlar\u0131na dair spek\u00fclasyonlar i\u00e7erisinde kayboldular.<\/p>\n<p>Andr\u00e9 Eminger\u2019in ikizi olan ve karde\u015fi gibi on y\u0131llardan bu yana Nazi \u00e7evrelerinde sabit bir yeri olan tan\u0131k Maik Eminger de \u00e7ok k\u0131sa bir s\u00fcre i\u00e7in mahkeme \u00f6n\u00fcne \u00e7\u0131kt\u0131: San\u0131\u011f\u0131n karde\u015fi olarak ifade vermeyi reddetme hakk\u0131n\u0131 kulland\u0131. Ama Maik Eminger mahkeme binas\u0131n\u0131n \u00f6n\u00fcnde \u00fczerinde \u201ekarde\u015fler susuyor\u201c yaz\u0131s\u0131 olan t-shirt\u00fcyle politik bir g\u00f6r\u00fc\u015f\u00fcn\u00fc ifade etti. Bu hem susma hakk\u0131n\u0131 ima ediyordu hem de silahl\u0131 SS\u2019lerin \u201esad\u0131kl\u0131k \u015fark\u0131s\u0131ndan\u201c bir al\u0131nt\u0131 ve Amerikal\u0131 \u00f6l\u00fcmc\u00fcl Nazi ter\u00f6r \u00f6rg\u00fct\u00fc \u201eThe Order\u201c\u0131n kulland\u0131\u011f\u0131 isim. Savunma, m\u00fcdahil davac\u0131lar\u0131n Eminger\u2019in bu ideolojisine yapt\u0131\u011f\u0131 g\u00f6ndermeyle ilgili bildirdikleri g\u00f6r\u00fc\u015fleri an\u0131nda itirazda bulunarak bast\u0131rmaya \u00e7al\u0131\u015ft\u0131. Ama m\u00fcdahil davac\u0131lar salonda bulunanlar\u0131n dikkatini duruma \u00e7ekmeyi ba\u015fard\u0131lar.<\/p>\n","protected":false},"excerpt":{"rendered":"<p>San\u0131k Zsch\u00e4pe\u2019nin hakimin reddi ba\u015fvurusu \u2013 Kuru g\u00fcr\u00fclt\u00fc* Bug\u00fcnk\u00fc duru\u015fma b\u00fcy\u00fck \u00f6l\u00e7\u00fcde verimsiz ge\u00e7ti: \u00dc\u00e7l\u00fcn\u00fcn Chemnitz\u2019deki \u201eBlood and Honour\u201c \u00e7evrelerinden ilk destek\u00e7ilerinden biri olan tan\u0131k Thomas Rother\u2019nin sorgusuna yeniden ara verilmesi gerekti ve sorguya ba\u015fka bir g\u00fcn devam edilecek. Rothe olaylar\u0131n \u00fczerinden 14 y\u0131l ge\u00e7ti\u011fini ve o zamanlar da pek bir \u015feyden haberi olmad\u0131\u011f\u0131n\u0131 vurgulamaktan [&hellip;]<\/p>\n","protected":false},"author":1,"featured_media":0,"comment_status":"closed","ping_status":"closed","sticky":false,"template":"","format":"standard","meta":{"_s2mail":"","footnotes":""},"categories":[1],"tags":[],"class_list":["post-642","post","type-post","status-publish","format-standard","hentry","category-allgemein"],"_links":{"self":[{"href":"https:\/\/www.nsu-nebenklage.de\/tr\/wp-json\/wp\/v2\/posts\/642","targetHints":{"allow":["GET"]}}],"collection":[{"href":"https:\/\/www.nsu-nebenklage.de\/tr\/wp-json\/wp\/v2\/posts"}],"about":[{"href":"https:\/\/www.nsu-nebenklage.de\/tr\/wp-json\/wp\/v2\/types\/post"}],"author":[{"embeddable":true,"href":"https:\/\/www.nsu-nebenklage.de\/tr\/wp-json\/wp\/v2\/users\/1"}],"replies":[{"embeddable":true,"href":"https:\/\/www.nsu-nebenklage.de\/tr\/wp-json\/wp\/v2\/comments?post=642"}],"version-history":[{"count":0,"href":"https:\/\/www.nsu-nebenklage.de\/tr\/wp-json\/wp\/v2\/posts\/642\/revisions"}],"wp:attachment":[{"href":"https:\/\/www.nsu-nebenklage.de\/tr\/wp-json\/wp\/v2\/media?parent=642"}],"wp:term":[{"taxonomy":"category","embeddable":true,"href":"https:\/\/www.nsu-nebenklage.de\/tr\/wp-json\/wp\/v2\/categories?post=642"},{"taxonomy":"post_tag","embeddable":true,"href":"https:\/\/www.nsu-nebenklage.de\/tr\/wp-json\/wp\/v2\/tags?post=642"}],"curies":[{"name":"wp","href":"https:\/\/api.w.org\/{rel}","templated":true}]}}