{"id":644,"date":"2014-07-30T23:08:34","date_gmt":"2014-07-30T21:08:34","guid":{"rendered":"http:\/\/www.nsu-nebenklage.de\/tr\/?p=644"},"modified":"2014-07-31T11:31:50","modified_gmt":"2014-07-31T09:31:50","slug":"30-07-2014","status":"publish","type":"post","link":"https:\/\/www.nsu-nebenklage.de\/tr\/2014\/07\/30\/30-07-2014\/","title":{"rendered":"30.07.2014"},"content":{"rendered":"<h4>Tan\u0131klar: Beate Zsch\u00e4pe\u2019nin 1996 y\u0131l\u0131ndan bu yana yapt\u0131\u011f\u0131 \u015fiddet eylemleri<\/h4>\n<p>Bug\u00fcn Jena\u2019dan iki tan\u0131k Beate Zsch\u00e4pe\u2019nin 1996 y\u0131l\u0131nda ger\u00e7ekle\u015ftirdi\u011fi bir sald\u0131r\u0131y\u0131 anlatt\u0131. Zsch\u00e4pe anlat\u0131lanlara g\u00f6re iki kad\u0131ndan birini yere f\u0131rlatm\u0131\u015f\u0131 ve kad\u0131n\u0131n bu y\u00fczden ayak bile\u011fi k\u0131r\u0131lm\u0131\u015ft\u0131. Zsch\u00e4pe daha sonra kad\u0131n\u0131n s\u0131rt\u0131na oturmu\u015ftu ve onu kendi kendisini \u201ePotte\u201c diye a\u015fa\u011f\u0131lamaya zorlam\u0131\u015ft\u0131. Bu kelimenin ne anlama geldi\u011fi a\u00e7\u0131kl\u0131\u011fa kavu\u015fmad\u0131. Zsch\u00e4pe tan\u0131\u011f\u0131 kendisini daha \u00f6nce a\u015fa\u011f\u0131lam\u0131\u015f olmakla itham etmi\u015fti. Anla\u015f\u0131lan daha \u00f6nce tan\u0131\u011fa benzeyen ba\u015fka bir k\u0131z arkada\u015fla bir kar\u015f\u0131la\u015fma ger\u00e7ekle\u015fmi\u015fti. Zsch\u00e4pe\u2019nin yan\u0131nda dazlak ba\u015fka bir k\u0131z arkada\u015f\u0131 vard\u0131. Bu ki\u015fi muhtemelen Andr\u00e9 Kapke\u2019nin bir zamanlarki en yak\u0131n k\u0131z arkada\u015f\u0131 Jana J. idi. (bkz. 13.03.204 ve 16.04.2014 tarihli bloglar) \u0130ki kad\u0131ndan biri Zsch\u00e4pe\u2019nin o zamanlar kendisine ekstrem derecede \u015fiddet e\u011filimli ve hareketleri tahmin edilemez biri olarak tarif edildi\u011fini s\u00f6yledi.<\/p>\n<p>\u0130ki tan\u0131k da olaydan 18 y\u0131l sonra t\u00fcm detaylar\u0131 an\u0131nda hat\u0131rlamasalar da olay\u0131n temel ak\u0131\u015f\u0131na dair verdikleri bilgiler inand\u0131r\u0131c\u0131yd\u0131. \u00d6zellikle ma\u011fdur, kapsaml\u0131 \u015fekilde bilgi vermek ve neyi somut \u015fekilde hat\u0131rlay\u0131p neye sonradan kanaat getirdi\u011fini ay\u0131rt etmek i\u00e7in g\u00f6r\u00fcn\u00fcr \u015fekilde \u00e7aba g\u00f6sterdi. Buna kar\u015f\u0131n Zsch\u00e4pe\u2019nin savunmas\u0131n\u0131n m\u00fcvekillerinin kimli\u011finin te\u015fhis edilmesini sorgulamalar\u0131 ikna edici de\u011fildi.<\/p>\n<p>Wohlleben\u2019in avukat\u0131 Klemke o esnada yine Nazi camias\u0131n\u0131 savunarak tan\u0131klara o zamanlar Nazilerin \u015fiddet eylemleri solcular\u0131nki gibi g\u00fcndelik miydi diye imal\u0131 sorular sordu. Ama tan\u0131klar olaylar\u0131 tamamen ba\u015fka \u015fekilde hat\u0131rl\u0131yorlard\u0131. \u00d6zellikle kendileri ve arkada\u015flar\u0131 Jena\u2019da o zamanlar \u00e7ok g\u00fc\u00e7l\u00fc \u015fekilde var olan Nazilerden korkuyorlard\u0131.<\/p>\n<p>Oturumun sonunda Yozgat\u2019\u0131n m\u00fcdahil davac\u0131lar\u0131 \u0130\u00e7 \u0130\u015fleri Bakanl\u0131\u011f\u0131\u2019n\u0131n iki y\u00fcksek mertebeli \u00e7al\u0131\u015fan\u0131n\u0131n bakanl\u0131k ad\u0131na Hessen Anayasay\u0131 Koruma Dairesi\u2019nden Temme\u2019nin sorgusunu g\u00f6zlemlediklerine dair bir delil talebinde bulundular. Bu kabul edilirse ba\u015fka devlet mercisi \u00e7al\u0131\u015fanlar\u0131n\u0131n, \u00f6zellikle de Hessen Anayasay\u0131 Koruma Dairesi\u2019ni \u00e7al\u0131\u015fanlar\u0131n\u0131n tan\u0131k ifadelerinin etki alt\u0131nda b\u0131rak\u0131lma tehlikesi apa\u00e7\u0131k bir hal alacak.<\/p>\n<p>&nbsp;<\/p>\n","protected":false},"excerpt":{"rendered":"<p>Tan\u0131klar: Beate Zsch\u00e4pe\u2019nin 1996 y\u0131l\u0131ndan bu yana yapt\u0131\u011f\u0131 \u015fiddet eylemleri Bug\u00fcn Jena\u2019dan iki tan\u0131k Beate Zsch\u00e4pe\u2019nin 1996 y\u0131l\u0131nda ger\u00e7ekle\u015ftirdi\u011fi bir sald\u0131r\u0131y\u0131 anlatt\u0131. Zsch\u00e4pe anlat\u0131lanlara g\u00f6re iki kad\u0131ndan birini yere f\u0131rlatm\u0131\u015f\u0131 ve kad\u0131n\u0131n bu y\u00fczden ayak bile\u011fi k\u0131r\u0131lm\u0131\u015ft\u0131. Zsch\u00e4pe daha sonra kad\u0131n\u0131n s\u0131rt\u0131na oturmu\u015ftu ve onu kendi kendisini \u201ePotte\u201c diye a\u015fa\u011f\u0131lamaya zorlam\u0131\u015ft\u0131. Bu kelimenin ne anlama [&hellip;]<\/p>\n","protected":false},"author":1,"featured_media":0,"comment_status":"closed","ping_status":"closed","sticky":false,"template":"","format":"standard","meta":{"_s2mail":"","footnotes":""},"categories":[1],"tags":[],"class_list":["post-644","post","type-post","status-publish","format-standard","hentry","category-allgemein"],"_links":{"self":[{"href":"https:\/\/www.nsu-nebenklage.de\/tr\/wp-json\/wp\/v2\/posts\/644","targetHints":{"allow":["GET"]}}],"collection":[{"href":"https:\/\/www.nsu-nebenklage.de\/tr\/wp-json\/wp\/v2\/posts"}],"about":[{"href":"https:\/\/www.nsu-nebenklage.de\/tr\/wp-json\/wp\/v2\/types\/post"}],"author":[{"embeddable":true,"href":"https:\/\/www.nsu-nebenklage.de\/tr\/wp-json\/wp\/v2\/users\/1"}],"replies":[{"embeddable":true,"href":"https:\/\/www.nsu-nebenklage.de\/tr\/wp-json\/wp\/v2\/comments?post=644"}],"version-history":[{"count":0,"href":"https:\/\/www.nsu-nebenklage.de\/tr\/wp-json\/wp\/v2\/posts\/644\/revisions"}],"wp:attachment":[{"href":"https:\/\/www.nsu-nebenklage.de\/tr\/wp-json\/wp\/v2\/media?parent=644"}],"wp:term":[{"taxonomy":"category","embeddable":true,"href":"https:\/\/www.nsu-nebenklage.de\/tr\/wp-json\/wp\/v2\/categories?post=644"},{"taxonomy":"post_tag","embeddable":true,"href":"https:\/\/www.nsu-nebenklage.de\/tr\/wp-json\/wp\/v2\/tags?post=644"}],"curies":[{"name":"wp","href":"https:\/\/api.w.org\/{rel}","templated":true}]}}