{"id":652,"date":"2014-08-06T17:58:03","date_gmt":"2014-08-06T15:58:03","guid":{"rendered":"http:\/\/www.nsu-nebenklage.de\/tr\/?p=652"},"modified":"2014-08-06T18:07:51","modified_gmt":"2014-08-06T16:07:51","slug":"05-08-2014","status":"publish","type":"post","link":"https:\/\/www.nsu-nebenklage.de\/tr\/2014\/08\/06\/05-08-2014\/","title":{"rendered":"05.08.2014"},"content":{"rendered":"<h4>\u0130nkar ve Masum G\u00f6sterme \u00c7abalar\u0131 IX \u2013 J\u00fcrgen L\u00e4nger<\/h4>\n<p>Bug\u00fcn yine tan\u0131k L\u00e4nger sorguland\u0131. Kendisinden \u00f6nceki kimi tan\u0131klar gibi sa\u011fc\u0131 avukat Jauch\u2019un e\u015fli\u011finde salona geldi. L\u00e4nger su\u00e7lamalara g\u00f6re \u0131rk\u00e7\u0131 NSU cinayetlerinin i\u015flendi\u011fi Ceska tabancay\u0131 Theile\u2019den teslim alm\u0131\u015f ve sa\u011f camian\u0131n d\u00fckkan\u0131 \u201eMadley\u201cnin sahibi tan\u0131k Schultz\u2019a satm\u0131\u015ft\u0131. L\u00e4nger \u00f6nce kendisine kar\u015f\u0131 halen y\u00fcr\u00fct\u00fclen bir soru\u015fturma oldu\u011fundan sorular\u0131 cevaplamak istemedi. Zsch\u00e4pe ve Wohlleben\u2019in savunmalar\u0131 da onun yard\u0131m\u0131na ko\u015ftu: L\u00e4nger iddianameye g\u00f6re cinayete yard\u0131m ve yatakl\u0131\u011f\u0131n nesnel unsurlar\u0131n\u0131 yerine getiriyordu ve Wohlleben\u2019in avukat\u0131 Klemke\u2019ye g\u00f6re kas\u0131t \u201egeni\u015f bir konuydu.\u201c Bu tabii ki daha ziyade m\u00fcvekkili i\u00e7in ge\u00e7erliydi. M\u00fcvekkili o ana kadar ki delillere g\u00f6re (bkz. <a title=\"03.07.2014\" href=\"http:\/\/www.nsu-nebenklage.de\/tr\/2014\/07\/03\/03-07-2014\/\" target=\"_blank\">03.07.2014<\/a> tarihli rapor) silah\u0131 Schultze \u00fczerinden Zsch\u00e4pe, Mundlos ve B\u00f6hnhardt\u2019a ula\u015ft\u0131rm\u0131\u015ft\u0131 ve ideolojik a\u00e7\u0131dan \u00fc\u00e7l\u00fcye L\u00e4nger\u2019den daha yak\u0131nd\u0131.<\/p>\n<p>Mahkeme buna farkl\u0131 yakla\u015ft\u0131 ve tan\u0131ktan silah\u0131n Schultz\u2019a teslimiyle ilgili ifade vermesini istedi. Tan\u0131k (Federal Kriminal Dairesi\u2019ndeki sorgusunda yapm\u0131\u015f oldu\u011fu gibi) b\u00f6yle bir teslimat\u0131 \u015fiddetle reddetti. Schultze\u2019yi de \u00e7ok tan\u0131m\u0131yordu. Theile\u2019yi uzun zamand\u0131r tan\u0131yordu, iki y\u0131l \u00f6ncesine kadar s\u0131k\u0131 bir ili\u015fkileri yoktu, ama \u201e\u015fimdi NSU onlar\u0131 birle\u015ftirmi\u015fti.\u201c<\/p>\n<p>L\u00e4nger genel olarak kendisini bas\u0131n ve Federal Kriminal Dairesi\u2019nin kurban\u0131, \u201epolitik olarak tarafs\u0131z\u201c ve sadece macera i\u00e7in Nazi y\u00fcr\u00fcy\u00fc\u015flerine, ama solcu g\u00f6sterilere de giden biri olarak g\u00f6stermeye \u00e7al\u0131\u015ft\u0131. Ne kendisi ne de Theile\u2019nin silahlarla hi\u00e7 i\u015fleri olmam\u0131\u015ft\u0131. Heyet Ba\u015fkan\u0131 ona polise verdi\u011fi ifadelerden b\u00f6l\u00fcmler okudu. Sabit diskinin incelenmesi vs. gibi konular onu tamamen farkl\u0131 \u015fekilde g\u00f6steriyordu. Bunlara g\u00f6re L\u00e4nger Jena\u2019n\u0131n \u201eeski sa\u011f camias\u0131na\u201c dahildi, bilgisayar\u0131nda buna uyan belgeler vard\u0131, sorgusunda Theile ve silahlar\u0131 duymu\u015f oldu\u011funu vs. anlatm\u0131\u015ft\u0131. L\u00e4nger kendini temize \u00e7\u0131karmaya \u00e7al\u0131\u015ft\u0131: Di\u011fer tan\u0131klar yalan s\u00f6yl\u00fcyordu, polis herhangi ifadeleri sorgu tutana\u011f\u0131na ge\u00e7irmi\u015fti. Daha 2011 y\u0131l\u0131nda konu\u015fmalar\u0131 \u201eSieg H&#8230;\u201c selam\u0131yla sonland\u0131rd\u0131\u011f\u0131 chat tutanaklar\u0131yla y\u00fczle\u015ftirildi\u011finde konu\u015ftu\u011fu ki\u015finin Avusturyal\u0131 oldu\u011funu ve bunun ola\u011fan oldu\u011funu s\u00f6yleyerek kendini temize \u00e7\u0131karmaya \u00e7al\u0131\u015ft\u0131.<br \/>\nYine de m\u00fcdahil davac\u0131lar\u0131n \u0131srarl\u0131 sorular\u0131 neticesinde (Wohlleben\u2019in avukat\u0131 Klemke\u2019nin anlams\u0131z itirazlarla sorguyu engelleme \u00e7abalar\u0131na ra\u011fmen) kimi detaylar a\u00e7\u0131kl\u0131\u011fa kavu\u015fturulabildi: L\u00e4nger ba\u015flang\u0131\u00e7ta Uwe B\u00f6hnhardt ve Uwe Mundlos\u2019u tan\u0131d\u0131\u011f\u0131n\u0131 hala reddetmi\u015f veya sadece Jena Nazi camias\u0131n\u0131n par\u00e7as\u0131 oldu\u011funu inkar etmi\u015f olsa da, nihayetinde 90\u2019lar\u0131n ba\u015f\u0131ndan bu yana Th\u00fcringen Vatan Koruma \u00fcyeleriyle s\u0131k\u0131 ili\u015fkilere sahip oldu\u011fu ve her ihtimalde bir g\u00f6steride yan\u0131nda ate\u015fli silah ta\u015f\u0131m\u0131\u015f oldu\u011fu a\u00e7\u0131kl\u0131k kazand\u0131. Evinde bulunan bir bilgisayarda bir Nazi futbol turnuvas\u0131na ait g\u00f6r\u00fcnt\u00fclerin yer ald\u0131\u011f\u0131 ve Andr\u00e9 Kapke, Uwe B\u00f6hnhardt ve san\u0131k Holger Gerlach\u2019\u0131n g\u00f6r\u00fcnd\u00fc\u011f\u00fc bir video vard\u0131. B\u00f6ylece tan\u0131\u011f\u0131n NSU\u2019nun bilinen \u00fcyelerini \u015fahsen tan\u0131yor olma ihtimali artt\u0131. Tan\u0131k L\u00e4nger\u2019in zorlama bahaneleri, Ceska\u2019n\u0131n \u0130svi\u00e7re\u2019den Theile, L\u00e4nger ve Schultz \u00fczerinden Schultze ve Wohlleben\u2019e ula\u015ft\u0131r\u0131ld\u0131\u011f\u0131 y\u00f6n\u00fcndeki ipu\u00e7lar\u0131n\u0131 \u00e7\u00fcr\u00fctmektense do\u011frulad\u0131. Tan\u0131\u011f\u0131n \u00f6ne s\u00fcrd\u00fc\u011f\u00fc bahaneler ba\u015far\u0131ya ula\u015facak m\u0131 yoksa ona kar\u015f\u0131 da m\u0131 yalan ifade vermekten dolay\u0131 dava a\u00e7\u0131lmas\u0131 ihtimali var, zaman g\u00f6sterecek.<\/p>\n<p style=\"color: #000000;\">Wohlleben&#8217;in savunmas\u0131,\u00a0 ifadesinin &#8220;b\u00fcy\u00fck \u00f6nemi&#8221; nedeniyle tan\u0131k L\u00e4nger&#8217;in yemin etmesini talep etti. \u0130fadesi, Schultz ve san\u0131k Carsten Schultze&#8217;nin Wohlleben&#8217;in \u00fc\u00e7l\u00fcye silah sa\u011flanmas\u0131ndaki ba\u015f ki\u015fi oldu\u011funa y\u00f6nelik ifadeleriyle \u00e7eli\u015fen tek ki\u015fi L\u00e4nger oldu\u011fundan bunda \u015fa\u015f\u0131lacak bir durum yok. Yine de\u00a0 Federal Ba\u015fsavc\u0131l\u0131k&#8217;\u0131n bildirdi\u011fi g\u00f6r\u00fc\u015fte tespit etti\u011fi gibi L\u00e4nger&#8217;in inan\u0131lmas\u0131 son derece g\u00fc\u00e7 ifadelerinin fazla dikkate al\u0131nacak bir yan\u0131 yok. Mahkeme, su\u00e7a i\u015ftirak etme \u015f\u00fcphesi ta\u015f\u0131yan tan\u0131klar yemin edemedi\u011finden L\u00e4nger&#8217;in yemin etmesine kar\u015f\u0131 \u00e7\u0131kt\u0131.<\/p>\n<p style=\"color: #000000;\">L\u00e4nger, kendisini g\u00f6stermeye \u00e7al\u0131\u015ft\u0131\u011f\u0131 gibi zarars\u0131z ve apolitik olmad\u0131\u011f\u0131na dair bir di\u011fer ipucunu da duru\u015fman\u0131n ard\u0131ndan mahkeme binas\u0131n\u0131n \u00f6n\u00fcnde verdi: Adresini ele ge\u00e7iren bir gazeteciye sata\u015f\u0131p bir daha Jena&#8217;ya gelmemesini s\u00f6yleyerek tehdit etti. L\u00e4nger&#8217;in e\u015flik\u00e7isi de tehditkar bir tonda &#8220;yollar\u0131n\u0131n mutlaka bir kez daha kesi\u015fece\u011fini&#8221; s\u00f6yledi ve giderken kendisini Rosemann olarak tan\u0131tt\u0131. S\u00f6z konusu \u015fah\u0131s buna g\u00f6re L\u00e4nger&#8217;in hen\u00fcz Th\u00fcringen Vatan Koruma&#8217;n\u0131n kuruldu\u011fu zamanlarda Th\u00fcringen&#8217;in Nazi \u00e7evrelerinde \u00e7ok aktif olan ve silahlara olan hayranl\u0131\u011f\u0131 nedeniyle \u00f6zellikle tehlikeli olarak g\u00f6r\u00fclen eski arkada\u015f\u0131 Sven Rosemann&#8217;d\u0131.<\/p>\n<p>&nbsp;<\/p>\n","protected":false},"excerpt":{"rendered":"<p>\u0130nkar ve Masum G\u00f6sterme \u00c7abalar\u0131 IX \u2013 J\u00fcrgen L\u00e4nger Bug\u00fcn yine tan\u0131k L\u00e4nger sorguland\u0131. Kendisinden \u00f6nceki kimi tan\u0131klar gibi sa\u011fc\u0131 avukat Jauch\u2019un e\u015fli\u011finde salona geldi. L\u00e4nger su\u00e7lamalara g\u00f6re \u0131rk\u00e7\u0131 NSU cinayetlerinin i\u015flendi\u011fi Ceska tabancay\u0131 Theile\u2019den teslim alm\u0131\u015f ve sa\u011f camian\u0131n d\u00fckkan\u0131 \u201eMadley\u201cnin sahibi tan\u0131k Schultz\u2019a satm\u0131\u015ft\u0131. L\u00e4nger \u00f6nce kendisine kar\u015f\u0131 halen y\u00fcr\u00fct\u00fclen bir soru\u015fturma oldu\u011fundan [&hellip;]<\/p>\n","protected":false},"author":1,"featured_media":0,"comment_status":"closed","ping_status":"closed","sticky":false,"template":"","format":"standard","meta":{"_s2mail":"","footnotes":""},"categories":[1],"tags":[],"class_list":["post-652","post","type-post","status-publish","format-standard","hentry","category-allgemein"],"_links":{"self":[{"href":"https:\/\/www.nsu-nebenklage.de\/tr\/wp-json\/wp\/v2\/posts\/652","targetHints":{"allow":["GET"]}}],"collection":[{"href":"https:\/\/www.nsu-nebenklage.de\/tr\/wp-json\/wp\/v2\/posts"}],"about":[{"href":"https:\/\/www.nsu-nebenklage.de\/tr\/wp-json\/wp\/v2\/types\/post"}],"author":[{"embeddable":true,"href":"https:\/\/www.nsu-nebenklage.de\/tr\/wp-json\/wp\/v2\/users\/1"}],"replies":[{"embeddable":true,"href":"https:\/\/www.nsu-nebenklage.de\/tr\/wp-json\/wp\/v2\/comments?post=652"}],"version-history":[{"count":0,"href":"https:\/\/www.nsu-nebenklage.de\/tr\/wp-json\/wp\/v2\/posts\/652\/revisions"}],"wp:attachment":[{"href":"https:\/\/www.nsu-nebenklage.de\/tr\/wp-json\/wp\/v2\/media?parent=652"}],"wp:term":[{"taxonomy":"category","embeddable":true,"href":"https:\/\/www.nsu-nebenklage.de\/tr\/wp-json\/wp\/v2\/categories?post=652"},{"taxonomy":"post_tag","embeddable":true,"href":"https:\/\/www.nsu-nebenklage.de\/tr\/wp-json\/wp\/v2\/tags?post=652"}],"curies":[{"name":"wp","href":"https:\/\/api.w.org\/{rel}","templated":true}]}}