{"id":655,"date":"2014-08-07T07:00:40","date_gmt":"2014-08-07T05:00:40","guid":{"rendered":"http:\/\/www.nsu-nebenklage.de\/tr\/?p=655"},"modified":"2014-08-07T07:02:17","modified_gmt":"2014-08-07T05:02:17","slug":"06-08-2014","status":"publish","type":"post","link":"https:\/\/www.nsu-nebenklage.de\/tr\/2014\/08\/07\/06-08-2014\/","title":{"rendered":"06.08.2014"},"content":{"rendered":"<h4>Halit Yozgat\u2019\u0131n \u00f6l\u00fcm\u00fcne dair: Soru\u015fturmalar Anayasay\u0131 Koruma Dairesi taraf\u0131ndan b\u00fcy\u00fck \u00f6l\u00e7\u00fcde engellendi. Ve Temme itiraf etti\u011finden fazlas\u0131n\u0131 biliyordu.<\/h4>\n<p>Mahkemenin yaz tatilinden \u00f6nceki son duru\u015fma g\u00fcn\u00fcnde Yozgat\u2019\u0131n m\u00fcdahil dava avukatlar\u0131n\u0131n dilek\u00e7esi \u00fczerine Kassel\u2019den iki kriminal polis Yozgat cinayetindeki soru\u015fturmalarla ilgili sorguland\u0131lar.<\/p>\n<p>Bu iki ifade, Anayasay\u0131 Koruma Dairesi\u2019nin polisin soru\u015fturma g\u00f6revini b\u00fcy\u00fck oranda engelledi\u011fini net \u015fekilde ortaya koydu. Duru\u015fmada \u00f6zellikle de olay yerinde bulunan ve kendisine kar\u015f\u0131 o zamanlar cinayet nedeniyle soru\u015fturma a\u00e7\u0131lm\u0131\u015f olan Anayasay\u0131 Koruma Dairesi \u00e7al\u0131\u015fan\u0131 Temme\u2019nin muhbirleri konu\u015fuldu. Kriminal Polis onun muhbirlerini sorgulamak istiyordu. Anayasay\u0131 Korumac\u0131lar buna itiraz ettiler, ama klasik bir Gizli Servis davran\u0131\u015f\u0131 olarak kriminal polise, muhbirlerin Anayasay\u0131 Koruma Dairesi taraf\u0131ndan sorgulanmas\u0131n\u0131 ve Kriminal Polis memurlar\u0131n\u0131n Anayasay\u0131 Koruma \u00c7al\u0131\u015fanlar\u0131 kimli\u011fine b\u00fcr\u00fcnerek sorguya kat\u0131lmalar\u0131 \u00f6nerisinde bulunmu\u015ftu. Kriminal Polis bu \u00f6neriyi reddetti, b\u00f6ylesi bir sorgunun bir dava durumunda fiilen hi\u00e7 bir de\u011feri yoktu. Anayasay\u0131 Korumac\u0131lar Kriminal Polis ile olan g\u00f6r\u00fc\u015fmelerde Temme\u2019nin g\u00f6revden al\u0131nmas\u0131 i\u00e7in hi\u00e7 bir sebep olmad\u0131\u011f\u0131, daha ziyade yak\u0131nda yeniden Anayasay\u0131 Koruma Dairesi i\u00e7in aktif \u015fekilde \u00e7al\u0131\u015faca\u011f\u0131n\u0131n beklendi\u011fi g\u00f6r\u00fc\u015f\u00fcn\u00fc savunmu\u015flard\u0131. Bu da bilhassa Temme\u2019nin bir cinayet davas\u0131n\u0131n san\u0131\u011f\u0131 oldu\u011fu ve olay yerine dair alg\u0131s\u0131yla ilgili olarak yalan s\u00f6yledi\u011finin bilindi\u011fi bir zamanda ger\u00e7ekle\u015fmi\u015fti. Yani Anayasay\u0131 Koruma i\u00e7in \u00e7al\u0131\u015fan\u0131n\u0131 ve muhbirlerden kimilerini korumak, bir cinayet serisinin ayd\u0131nl\u0131\u011fa kavu\u015fturulmas\u0131ndan a\u00e7\u0131k\u00e7a daha \u00f6nemliydi.<\/p>\n<p>Di\u011fer yandan Temme\u2019nin Halit Yozgat cinayetiyle ilgili olarak poliste veya daha sonra mahkemede itiraf etti\u011finden daha fazlas\u0131n\u0131 bilmesi gerekti\u011fi ortaya \u00e7\u0131kt\u0131. Polis memurlar\u0131ndan biri bir psikolo\u011fun Temme ile yapt\u0131\u011f\u0131 ve muhtemelen \u201eg\u00f6m\u00fcl\u00fc\u201c an\u0131lar\u0131 ortaya \u00e7\u0131karmas\u0131 gereken bir \u201ebili\u015fsel r\u00f6portajdan\u201c bahsetti. Ama bu hi\u00e7 bir \u015feyi ortaya \u00e7\u0131karmam\u0131\u015ft\u0131, psikolog Temme\u2019nin kendisini r\u00f6portaja vermedi\u011fi izlenimine kap\u0131lm\u0131\u015ft\u0131.<\/p>\n<p>Ama \u00f6zellikle Temme\u2019nin hen\u00fcz cinayetin sonras\u0131ndaki pazartesi sabah\u0131 kad\u0131n bir meslekta\u015f\u0131na cinayet silah\u0131n\u0131n daha \u00f6nce ba\u015fka cinayetlerde kullan\u0131ld\u0131\u011f\u0131n\u0131 anlatm\u0131\u015f oldu\u011fu ortaya \u00e7\u0131kt\u0131. O anda bunu ne bas\u0131ndan \u00f6\u011frenmi\u015f olmas\u0131 m\u00fcmk\u00fcnd\u00fc (bas\u0131nda ilk haberler ancak pazartesi ak\u015fam\u0131 \u00e7\u0131km\u0131\u015ft\u0131) ne de polislerden. Polislerle ilk olarak meslekta\u015f\u0131n\u0131n ard\u0131ndan konu\u015fmu\u015ftu. Yozgat\u2019\u0131n m\u00fcdahil davac\u0131lar\u0131n\u0131n \u00e7ok yerinde \u00f6zetledi\u011fi gibi nihayetinde sadece iki a\u00e7\u0131klama var: Temme ya g\u00f6rg\u00fc tan\u0131\u011f\u0131 olarak cinayet hakk\u0131nda itiraf etti\u011finden fazlas\u0131n\u0131 biliyor ve bunu herhangi bir sebepten dolay\u0131 sakl\u0131yor ya da sadece bir su\u00e7lunun sahip olabilece\u011fi bilgilere sahip. Mahkemenin bu sorunun pe\u015finden gitmemesi m\u00fcmk\u00fcn de\u011fil.<\/p>\n<p>Ana duru\u015fmaya 4 Eyl\u00fcl\u2019de devam edilecek.<\/p>\n","protected":false},"excerpt":{"rendered":"<p>Halit Yozgat\u2019\u0131n \u00f6l\u00fcm\u00fcne dair: Soru\u015fturmalar Anayasay\u0131 Koruma Dairesi taraf\u0131ndan b\u00fcy\u00fck \u00f6l\u00e7\u00fcde engellendi. Ve Temme itiraf etti\u011finden fazlas\u0131n\u0131 biliyordu. Mahkemenin yaz tatilinden \u00f6nceki son duru\u015fma g\u00fcn\u00fcnde Yozgat\u2019\u0131n m\u00fcdahil dava avukatlar\u0131n\u0131n dilek\u00e7esi \u00fczerine Kassel\u2019den iki kriminal polis Yozgat cinayetindeki soru\u015fturmalarla ilgili sorguland\u0131lar. Bu iki ifade, Anayasay\u0131 Koruma Dairesi\u2019nin polisin soru\u015fturma g\u00f6revini b\u00fcy\u00fck oranda engelledi\u011fini net \u015fekilde ortaya [&hellip;]<\/p>\n","protected":false},"author":1,"featured_media":0,"comment_status":"closed","ping_status":"closed","sticky":false,"template":"","format":"standard","meta":{"_s2mail":"","footnotes":""},"categories":[1],"tags":[],"class_list":["post-655","post","type-post","status-publish","format-standard","hentry","category-allgemein"],"_links":{"self":[{"href":"https:\/\/www.nsu-nebenklage.de\/tr\/wp-json\/wp\/v2\/posts\/655","targetHints":{"allow":["GET"]}}],"collection":[{"href":"https:\/\/www.nsu-nebenklage.de\/tr\/wp-json\/wp\/v2\/posts"}],"about":[{"href":"https:\/\/www.nsu-nebenklage.de\/tr\/wp-json\/wp\/v2\/types\/post"}],"author":[{"embeddable":true,"href":"https:\/\/www.nsu-nebenklage.de\/tr\/wp-json\/wp\/v2\/users\/1"}],"replies":[{"embeddable":true,"href":"https:\/\/www.nsu-nebenklage.de\/tr\/wp-json\/wp\/v2\/comments?post=655"}],"version-history":[{"count":0,"href":"https:\/\/www.nsu-nebenklage.de\/tr\/wp-json\/wp\/v2\/posts\/655\/revisions"}],"wp:attachment":[{"href":"https:\/\/www.nsu-nebenklage.de\/tr\/wp-json\/wp\/v2\/media?parent=655"}],"wp:term":[{"taxonomy":"category","embeddable":true,"href":"https:\/\/www.nsu-nebenklage.de\/tr\/wp-json\/wp\/v2\/categories?post=655"},{"taxonomy":"post_tag","embeddable":true,"href":"https:\/\/www.nsu-nebenklage.de\/tr\/wp-json\/wp\/v2\/tags?post=655"}],"curies":[{"name":"wp","href":"https:\/\/api.w.org\/{rel}","templated":true}]}}