{"id":676,"date":"2014-09-22T23:34:04","date_gmt":"2014-09-22T21:34:04","guid":{"rendered":"http:\/\/www.nsu-nebenklage.de\/tr\/?p=676"},"modified":"2014-09-23T13:36:43","modified_gmt":"2014-09-23T11:36:43","slug":"22-09-2014","status":"publish","type":"post","link":"https:\/\/www.nsu-nebenklage.de\/tr\/2014\/09\/22\/22-09-2014\/","title":{"rendered":"22.09.2014"},"content":{"rendered":"<h4>Uwe B\u00f6hnhardt\u2019\u0131n gen\u00e7li\u011fine dair bilgiler<\/h4>\n<p>Bug\u00fcn yaln\u0131zca tek bir tan\u0131k sorguland\u0131. Bu tan\u0131k, 90\u2019l\u0131 y\u0131llar\u0131n ba\u015f\u0131nda Uwe B\u00f6hnhardt ve Enrico Theile ile birlikte kriminal gen\u00e7lerden olu\u015fan bir gruba dahildi. Su\u00e7lamaya g\u00f6re Theile\u2019nin, Ceska\u2019n\u0131n B\u00f6hnhardt, Mundlos ve Zsch\u00e4pe\u2019ye iletilmesiyle ba\u011flant\u0131s\u0131 vard\u0131. Tan\u0131k hen\u00fcz 1993 y\u0131l\u0131nda polise verdi\u011fi bir ifadede B\u00f6hnhardt, Theile ve L\u00e4nger\u2019in silahlara eri\u015fimi oldu\u011funu s\u00f6ylemi\u015fti. Federal Kriminal Dairesi\u2019ne 03.04.2002\u2019de verdi\u011fi bir ifadede de bu bilgileri do\u011frulam\u0131\u015ft\u0131.<\/p>\n<p>Tan\u0131k, 1993 y\u0131l\u0131nda polise verdi\u011fi ifadenin k\u0131sa s\u00fcre ard\u0131ndan \u00e7al\u0131nm\u0131\u015f bir arabayla arazi s\u00fcr\u00fc\u015f\u00fc yaparken \u00f6l\u00fcmc\u00fcl \u015fekilde yaralanm\u0131\u015ft\u0131. Yolda\u015flar\u0131, orada \u00f6lece\u011fini farzederek onu kaza yerinde b\u0131rakm\u0131\u015flard\u0131. Muhtemelen tan\u0131k olarak verdi\u011fi ifadeyi \u00f6\u011frenmi\u015flerdi. \u0130\u00e7lerinden sadece birisi \u201evicdan azab\u0131\u201c duyarak polisi aram\u0131\u015ft\u0131. Tan\u0131k daha sonra hastanede yatarken gruptan bir \u00e7ok ki\u015fi ona ula\u015fmaya \u00e7al\u0131\u015fm\u0131\u015ft\u0131. Yak\u0131nlar\u0131, ifade vermeye devam etmesin diye onu \u00f6ld\u00fcrmek istediklerini d\u00fc\u015f\u00fcn\u00fcyorlard\u0131. Tan\u0131k polis korumas\u0131na al\u0131nd\u0131 ve ailesi sald\u0131r\u0131lar\u0131n s\u00fcrmesini \u00f6nlemek i\u00e7in, yaralanmalar sonucunda \u00f6ld\u00fc\u011f\u00fc haberini yayd\u0131.<\/p>\n<p>Tan\u0131k bug\u00fcn 2012\u2019de vermi\u015f oldu\u011fu bilgileri, yani B\u00f6hnhardt\u2019\u0131n \u00e7ok agresif olabilece\u011fini, ama araba h\u0131rs\u0131zl\u0131klar\u0131nda \u00e7ok planl\u0131 oldu\u011funu ve Theile\u2019nin bir\u00e7ok silaha sahip oldu\u011funu do\u011frulad\u0131. Ama 2012 y\u0131l\u0131ndan olan ifadesinin \u00f6nemli k\u0131s\u0131mlar\u0131n\u0131 \u00f6nemsizmi\u015f gibi g\u00f6sterip Theile, B\u00f6hnhardt ve di\u011ferlerine daha az sorumluluk y\u00fcklemeye \u00e7al\u0131\u015ft\u0131\u011f\u0131 da hissedildi. Tan\u0131\u011f\u0131n verdi\u011fi ba\u015fka bir bilgi bu tavr\u0131 a\u00e7\u0131\u011fa \u00e7\u0131kar\u0131yordu: Hen\u00fcz gen\u00e7ken y\u00fcksek miktarda alkol al\u0131yordu, ama kazan\u0131n ard\u0131ndan i\u00e7kiyi b\u0131rakm\u0131\u015ft\u0131, ya da en az\u0131ndan belirgin \u015fekilde daha az i\u00e7meye ba\u015flam\u0131\u015ft\u0131. 2012 y\u0131l\u0131ndaki tan\u0131k ifadesinin ard\u0131ndan o zaman ya\u015fad\u0131klar\u0131, kaza ve tehditler yeniden y\u00fczeye \u00e7\u0131km\u0131\u015ft\u0131. Yeniden k\u00f6t\u00fcle\u015fmi\u015f ve \u00e7ok fazla i\u00e7meye ba\u015flam\u0131\u015ft\u0131. Bunun d\u0131\u015f\u0131nda korkular\u0131 vard\u0131 ve k\u0131sa bir s\u00fcre \u00f6nce yeniden tedavi g\u00f6rmeye ba\u015flam\u0131\u015ft\u0131.<\/p>\n<p>Tan\u0131\u011f\u0131n iddialar\u0131 Jena\u2019daki, Nazi ve su\u00e7lular\u0131n kesi\u015fti\u011fi karma \u00e7evredeki g\u00fcndelik hayat\u0131n\u0131n i\u00e7y\u00fcz\u00fcne dair \u00f6nemli bilgiler verdi. Sadece B\u00f6hnhardt\u2019\u0131n su\u00e7a b\u00fcy\u00fck oranda yatk\u0131n oldu\u011funu do\u011frulamakla kalmad\u0131lar, Theile\u2019nin Jena\u2019da silahlar s\u00f6z konusu oldu\u011funda dan\u0131\u015f\u0131lmas\u0131 akla uygun bir ki\u015fi oldu\u011fu da do\u011fruland\u0131.<\/p>\n","protected":false},"excerpt":{"rendered":"<p>Uwe B\u00f6hnhardt\u2019\u0131n gen\u00e7li\u011fine dair bilgiler Bug\u00fcn yaln\u0131zca tek bir tan\u0131k sorguland\u0131. Bu tan\u0131k, 90\u2019l\u0131 y\u0131llar\u0131n ba\u015f\u0131nda Uwe B\u00f6hnhardt ve Enrico Theile ile birlikte kriminal gen\u00e7lerden olu\u015fan bir gruba dahildi. Su\u00e7lamaya g\u00f6re Theile\u2019nin, Ceska\u2019n\u0131n B\u00f6hnhardt, Mundlos ve Zsch\u00e4pe\u2019ye iletilmesiyle ba\u011flant\u0131s\u0131 vard\u0131. Tan\u0131k hen\u00fcz 1993 y\u0131l\u0131nda polise verdi\u011fi bir ifadede B\u00f6hnhardt, Theile ve L\u00e4nger\u2019in silahlara eri\u015fimi oldu\u011funu [&hellip;]<\/p>\n","protected":false},"author":1,"featured_media":0,"comment_status":"closed","ping_status":"closed","sticky":false,"template":"","format":"standard","meta":{"_s2mail":"yes","footnotes":""},"categories":[1],"tags":[],"class_list":["post-676","post","type-post","status-publish","format-standard","hentry","category-allgemein"],"_links":{"self":[{"href":"https:\/\/www.nsu-nebenklage.de\/tr\/wp-json\/wp\/v2\/posts\/676","targetHints":{"allow":["GET"]}}],"collection":[{"href":"https:\/\/www.nsu-nebenklage.de\/tr\/wp-json\/wp\/v2\/posts"}],"about":[{"href":"https:\/\/www.nsu-nebenklage.de\/tr\/wp-json\/wp\/v2\/types\/post"}],"author":[{"embeddable":true,"href":"https:\/\/www.nsu-nebenklage.de\/tr\/wp-json\/wp\/v2\/users\/1"}],"replies":[{"embeddable":true,"href":"https:\/\/www.nsu-nebenklage.de\/tr\/wp-json\/wp\/v2\/comments?post=676"}],"version-history":[{"count":0,"href":"https:\/\/www.nsu-nebenklage.de\/tr\/wp-json\/wp\/v2\/posts\/676\/revisions"}],"wp:attachment":[{"href":"https:\/\/www.nsu-nebenklage.de\/tr\/wp-json\/wp\/v2\/media?parent=676"}],"wp:term":[{"taxonomy":"category","embeddable":true,"href":"https:\/\/www.nsu-nebenklage.de\/tr\/wp-json\/wp\/v2\/categories?post=676"},{"taxonomy":"post_tag","embeddable":true,"href":"https:\/\/www.nsu-nebenklage.de\/tr\/wp-json\/wp\/v2\/tags?post=676"}],"curies":[{"name":"wp","href":"https:\/\/api.w.org\/{rel}","templated":true}]}}