{"id":683,"date":"2014-10-01T18:09:55","date_gmt":"2014-10-01T16:09:55","guid":{"rendered":"http:\/\/www.nsu-nebenklage.de\/tr\/?p=683"},"modified":"2014-10-02T08:48:02","modified_gmt":"2014-10-02T06:48:02","slug":"30-09-01-10-2014","status":"publish","type":"post","link":"https:\/\/www.nsu-nebenklage.de\/tr\/2014\/10\/01\/30-09-01-10-2014\/","title":{"rendered":"01.10.2014"},"content":{"rendered":"<p>Yar\u0131nki duru\u015fma, Mahkeme Heyeti Ba\u015fkan\u0131 Hakim G\u00f6tzl&#8217;\u00fcn hastal\u0131\u011f\u0131 nedeniyle iptal oldu. Muhbir y\u00f6neticisinin bug\u00fcnk\u00fc sorgusuna yakla\u015f\u0131k bir saatin ard\u0131ndan ara verildi. Bu dava haftas\u0131yla ilgili k\u0131sa bir raporu yak\u0131nda yay\u0131nlayaca\u011f\u0131z.<\/p>\n","protected":false},"excerpt":{"rendered":"<p>Yar\u0131nki duru\u015fma, Mahkeme Heyeti Ba\u015fkan\u0131 Hakim G\u00f6tzl&#8217;\u00fcn hastal\u0131\u011f\u0131 nedeniyle iptal oldu. Muhbir y\u00f6neticisinin bug\u00fcnk\u00fc sorgusuna yakla\u015f\u0131k bir saatin ard\u0131ndan ara verildi. Bu dava haftas\u0131yla ilgili k\u0131sa bir raporu yak\u0131nda yay\u0131nlayaca\u011f\u0131z.<\/p>\n","protected":false},"author":1,"featured_media":0,"comment_status":"closed","ping_status":"closed","sticky":false,"template":"","format":"standard","meta":{"_s2mail":"yes","footnotes":""},"categories":[1],"tags":[],"class_list":["post-683","post","type-post","status-publish","format-standard","hentry","category-allgemein"],"_links":{"self":[{"href":"https:\/\/www.nsu-nebenklage.de\/tr\/wp-json\/wp\/v2\/posts\/683","targetHints":{"allow":["GET"]}}],"collection":[{"href":"https:\/\/www.nsu-nebenklage.de\/tr\/wp-json\/wp\/v2\/posts"}],"about":[{"href":"https:\/\/www.nsu-nebenklage.de\/tr\/wp-json\/wp\/v2\/types\/post"}],"author":[{"embeddable":true,"href":"https:\/\/www.nsu-nebenklage.de\/tr\/wp-json\/wp\/v2\/users\/1"}],"replies":[{"embeddable":true,"href":"https:\/\/www.nsu-nebenklage.de\/tr\/wp-json\/wp\/v2\/comments?post=683"}],"version-history":[{"count":0,"href":"https:\/\/www.nsu-nebenklage.de\/tr\/wp-json\/wp\/v2\/posts\/683\/revisions"}],"wp:attachment":[{"href":"https:\/\/www.nsu-nebenklage.de\/tr\/wp-json\/wp\/v2\/media?parent=683"}],"wp:term":[{"taxonomy":"category","embeddable":true,"href":"https:\/\/www.nsu-nebenklage.de\/tr\/wp-json\/wp\/v2\/categories?post=683"},{"taxonomy":"post_tag","embeddable":true,"href":"https:\/\/www.nsu-nebenklage.de\/tr\/wp-json\/wp\/v2\/tags?post=683"}],"curies":[{"name":"wp","href":"https:\/\/api.w.org\/{rel}","templated":true}]}}