{"id":729,"date":"2014-11-06T23:30:17","date_gmt":"2014-11-06T22:30:17","guid":{"rendered":"http:\/\/www.nsu-nebenklage.de\/tr\/?p=729"},"modified":"2014-11-12T07:43:34","modified_gmt":"2014-11-12T06:43:34","slug":"06-11-2014","status":"publish","type":"post","link":"https:\/\/www.nsu-nebenklage.de\/tr\/2014\/11\/06\/06-11-2014\/","title":{"rendered":"06.11.2014"},"content":{"rendered":"<h4>Blood and Honor ve Dortmundlu Combat 18<\/h4>\n<p>M\u00fcdahil davac\u0131lar bug\u00fcn Dortmund Nazi camias\u0131n\u0131n aralar\u0131nda Mehbet Kuba\u015f\u0131k cinayetinin de oldu\u011fu su\u00e7lara olas\u0131 i\u015ftira\u011f\u0131 ile ilgili \u00f6nemli delil tespiti taleplerinde bulundular. NSU cinayetlerinin i\u015flendi\u011fi zamanda Dortmund\u2019da iyi organize olmu\u015f, militan bir Nazi camias\u0131 bulunuyordu. Oidoxie m\u00fczi grubu etraf\u0131nda \u201cStreetfighting Crew\u201d ad\u0131 alt\u0131nda sabit bir yap\u0131lanmaya sahip bir grup vard\u0131. Bu grubun etraf\u0131nda da Blood and Honour\u2019\u0131n ideolojisine sahip olarak silahl\u0131 sava\u015f hedefine y\u00f6nelen bir \u201cCombat 18\u201d grubu kurulmu\u015ftu. Gruplar \u00fclke \u00e7ap\u0131ndaki ve uluslararas\u0131 Blood and Honour a\u011f\u0131na s\u0131k\u0131 \u015fekilde ba\u011fl\u0131yd\u0131 ve bu ba\u011flant\u0131 \u00fczerinden \u00f6rne\u011fin Bel\u00e7ika\u2019daki silahlara ula\u015fabiliyordu. Tan\u0131k olarak dinlenmesi gerekenler aras\u0131nda Neonazi ve Anayasay\u0131 Koruma Dairesi muhbiri olan Sebastian Seemann var. Seemann hen\u00fcz 13 Aral\u0131k 2011 y\u0131l\u0131nda sorgulanm\u0131\u015f ve Dortmund\u2019da Oidoxie grubunun vokalisti arac\u0131l\u0131\u011f\u0131yla bir Combat-18 h\u00fccresinin kurulmas\u0131 hakk\u0131nda bilgi vermi\u015fti. Kamuoyunda hen\u00fcz \u201cTurner G\u00fcnl\u00fckleri\u201d hakk\u0131nda konu\u015fulmaya ba\u015flanmad\u0131\u011f\u0131 bir zamanda tan\u0131k Seemann \u201cT\u00fcrk ve Yunan k\u00fc\u00e7\u00fck esnafa y\u00f6nelik cinayet serisi\u201dnin Turner G\u00fcnl\u00fckleri\u2019ndeki sald\u0131r\u0131lar\u0131n tarifiyle \u00f6rt\u00fc\u015ft\u00fc\u011f\u00fcne dikkat \u00e7ekmi\u015fti. Bunun d\u0131\u015f\u0131nda tan\u0131k Seemann iki cinayet silah\u0131n\u0131n, yani 9 NSU cinayetinde kullan\u0131lan yeniden yap\u0131land\u0131r\u0131lm\u0131\u015f Bruni ve Heilbronn cinayetinde kullan\u0131lan TT33\u2019\u00fcn olas\u0131 k\u00f6keniyle ilgili somut bilgiler vermi\u015f ve iddialar\u0131n\u0131 somutla\u015ft\u0131rabilmek i\u00e7in bu silahlar\u0131n resimlerinin kendisine g\u00f6sterilmesini rica etmi\u015fti.<\/p>\n<p>Seemann iyi br arkada\u015f\u0131 olan ve 16 Haziran 2000\u2019de Dortmund\u2019da \u00fc\u00e7 polisi vuran Michael Berger ile at\u0131\u015f talimlerine kat\u0131lm\u0131\u015ft\u0131. O s\u0131rada Beate Zsch\u00e4pe ile mektup arac\u0131l\u0131\u011f\u0131yla ileti\u015fimde olan tan\u0131k Robin Schiemann, tan\u0131k Seemann\u2019\u0131n kendisini 2 \u015eubat 2007\u2019de bir soyguna azmettirdi\u011fi ve bunun i\u00e7in ona silah sa\u011flad\u0131\u011f\u0131n\u0131 anlatm\u0131\u015ft\u0131. Schmiemann bu silahla d\u00fckkanda Tunuslu bir m\u00fc\u015fteriye ate\u015f etmi\u015fti.<\/p>\n<p>Delil tespiti talepleri vas\u0131tas\u0131yla Seemann\u2019\u0131n 1997 y\u0131l\u0131nda tek tek san\u0131klarla, yani NSU ile ba\u011flant\u0131s\u0131n\u0131n ne kadar s\u0131k\u0131 oldu\u011fu da ara\u015ft\u0131r\u0131lacakt\u0131. 2006 y\u0131l\u0131nda Dortmund\u2019da silahlara eri\u015fimi olan bir \u201cCombat 18\u201d h\u00fccresi kurulmas\u0131, NSU ile Dortmund\u2019daki militan Neonazi h\u00fccreleri aras\u0131nda ba\u011flant\u0131lar oldu\u011funun i\u015faretiydi. Bu ba\u011flant\u0131lar arac\u0131l\u0131\u011f\u0131yla NSU\u2019nun olas\u0131 cinayet yeri olan Dortmund hakk\u0131ndaki bilgilere ula\u015f\u0131l\u0131yordu. NSU katillerinin Dortmund\u2019daki olay yeri hakk\u0131ndaki bilgileri nas\u0131l ele ge\u00e7irdiklerine dair akla yatk\u0131n bir a\u00e7\u0131klama bug\u00fcn hala mevcut de\u011fil. Olay yerinin ayr\u0131nt\u0131l\u0131 \u015fekilde g\u00f6zetlendi\u011fini g\u00f6steren belgeler bulunmad\u0131.<\/p>\n<p>Bunun d\u0131\u015f\u0131nda 1995 y\u0131l\u0131nda kurulan Dortmundlu Neonazi grubu \u201cOidoxie\u201dnin kurucusu ve \u015fark\u0131c\u0131s\u0131n\u0131n da sorgulanmas\u0131 gerekiyor. \u201cOidoxie\u201d, \u201cBlood and Honour\u201d ve \u201cCombat 18\u201d a\u011f\u0131na, yani delillerden \u015fu ana kadar \u00e7\u0131kan sonuca g\u00f6re \u00fc\u00e7l\u00fcy\u00fc Sachsen\u2019da ortada kaybolmalar\u0131n\u0131n ard\u0131ndan do\u011frudan desteklemi\u015f olan \u00f6rg\u00fcte dahildi. Bu y\u00fczden ayn\u0131 a\u011f\u0131n en az\u0131ndan katilleri cinayet yerinde (bu durumda Dortmund\u2019da) destekleyen bir destek\u00e7i \u00e7evresinin par\u00e7as\u0131 oldu\u011fu varsay\u0131l\u0131yordu.<\/p>\n<p>Mahkeme heyetinin bu dilek\u00e7eleri ve \u00f6zellikle s\u00f6z\u00fc edilen gruplara y\u00f6nelik dosyalara ba\u015fvurulmas\u0131na y\u00f6nelik talepleri yerine getirip getirmeyece\u011fi belirsiz. B\u00f6ylesi bir delil, su\u00e7lamada savunulan NSU\u2019nun izole bir grup olup sadece \u00fc\u00e7 ki\u015fi ve az say\u0131da destek\u00e7iden olu\u015ftu\u011fu tezinin mutlak sonu olurdu. Heyet b\u00f6ylece Federal Savc\u0131l\u0131k\u2019a kar\u015f\u0131 bug\u00fcne kadar oldu\u011fundan daha a\u00e7\u0131k \u015fekilde tav\u0131r al\u0131rd\u0131. Ancak bu deliller kesinkes ortadalar ve heyet ge\u00e7en s\u00fcre i\u00e7erisinde NSU ve Blood and Honour gibi Nazi \u00f6rg\u00fctleri aras\u0131ndaki ba\u011flant\u0131larla yak\u0131ndan ilgilenmeye ba\u015flad\u0131.<\/p>\n<p>Dortmund\u2019daki cinayetin gecesinde telefonla ald\u0131\u011f\u0131 bir ipucunu not eden Dortmundlu bir polis memuru hi\u00e7 bir \u015fey hat\u0131rlayamasa da o zamanlar not etti\u011fi her \u015feyin do\u011fru oldu\u011funa emindi. Eski Th\u00fcringen Vatan Koruma \u00fcyesi ve Th\u00fcringen Anayasay\u0131 Koruma Dairesi muhbiri Andreas Rachhausen\u2019\u0131n sorgusunun (bkz. 23.07.2014 tarihli blog) devam\u0131nda bir ilerleme sa\u011flanamad\u0131. Rachhausen, Saalfeld-Rudolstadt\u2019taki Emniyet M\u00fcd\u00fcrl\u00fc\u011f\u00fc\u2019n\u00fcn o zamanlarki y\u00f6neticisine g\u00f6re \u201co zamanlar\u0131n en tehlikeli a\u015f\u0131r\u0131 sa\u011fc\u0131lar\u0131ndan biri\u201d idi. Rachhausen sorgular\u0131nda faaliyetlerini \u00f6nemsizmi\u015f gibi g\u00f6stermeye \u00e7al\u0131\u015ft\u0131. Uzunca bir s\u00fcre tutuklama emrinden ka\u00e7m\u0131\u015f ve Bel\u00e7ika, Amerika ve Danimarka\u2019da yeralt\u0131nda ya\u015fam\u0131\u015ft\u0131. 1994 y\u0131l\u0131nda, Alman adaletinden ka\u00e7arak Danimarka\u2019ya gitmi\u015f olan soyk\u0131r\u0131m inkarc\u0131s\u0131 Thies Christopherson\u2019un yan\u0131nda yakalanm\u0131\u015ft\u0131. \u0130fadesine g\u00f6re gazetelerin da\u011f\u0131t\u0131lmas\u0131nda ona yard\u0131m etmi\u015fti. Th\u00fcringen Nazi camias\u0131 daha o zamanlar \u00fclke \u00e7ap\u0131nda ve uluslararas\u0131 bir a\u011fa sahipti ve polisten ka\u00e7arken \u201cortadan kaybolma\u201d konusunda deneyime sahipti. \u00dc\u00e7l\u00fc, Th\u00fcringen Vatan Koruma\u2019da bu deneyimden yararlanabildiler.<\/p>\n","protected":false},"excerpt":{"rendered":"<p>Blood and Honor ve Dortmundlu Combat 18 M\u00fcdahil davac\u0131lar bug\u00fcn Dortmund Nazi camias\u0131n\u0131n aralar\u0131nda Mehbet Kuba\u015f\u0131k cinayetinin de oldu\u011fu su\u00e7lara olas\u0131 i\u015ftira\u011f\u0131 ile ilgili \u00f6nemli delil tespiti taleplerinde bulundular. NSU cinayetlerinin i\u015flendi\u011fi zamanda Dortmund\u2019da iyi organize olmu\u015f, militan bir Nazi camias\u0131 bulunuyordu. Oidoxie m\u00fczi grubu etraf\u0131nda \u201cStreetfighting Crew\u201d ad\u0131 alt\u0131nda sabit bir yap\u0131lanmaya sahip bir [&hellip;]<\/p>\n","protected":false},"author":1,"featured_media":0,"comment_status":"closed","ping_status":"closed","sticky":false,"template":"","format":"standard","meta":{"_s2mail":"yes","footnotes":""},"categories":[1],"tags":[],"class_list":["post-729","post","type-post","status-publish","format-standard","hentry","category-allgemein"],"_links":{"self":[{"href":"https:\/\/www.nsu-nebenklage.de\/tr\/wp-json\/wp\/v2\/posts\/729","targetHints":{"allow":["GET"]}}],"collection":[{"href":"https:\/\/www.nsu-nebenklage.de\/tr\/wp-json\/wp\/v2\/posts"}],"about":[{"href":"https:\/\/www.nsu-nebenklage.de\/tr\/wp-json\/wp\/v2\/types\/post"}],"author":[{"embeddable":true,"href":"https:\/\/www.nsu-nebenklage.de\/tr\/wp-json\/wp\/v2\/users\/1"}],"replies":[{"embeddable":true,"href":"https:\/\/www.nsu-nebenklage.de\/tr\/wp-json\/wp\/v2\/comments?post=729"}],"version-history":[{"count":0,"href":"https:\/\/www.nsu-nebenklage.de\/tr\/wp-json\/wp\/v2\/posts\/729\/revisions"}],"wp:attachment":[{"href":"https:\/\/www.nsu-nebenklage.de\/tr\/wp-json\/wp\/v2\/media?parent=729"}],"wp:term":[{"taxonomy":"category","embeddable":true,"href":"https:\/\/www.nsu-nebenklage.de\/tr\/wp-json\/wp\/v2\/categories?post=729"},{"taxonomy":"post_tag","embeddable":true,"href":"https:\/\/www.nsu-nebenklage.de\/tr\/wp-json\/wp\/v2\/tags?post=729"}],"curies":[{"name":"wp","href":"https:\/\/api.w.org\/{rel}","templated":true}]}}