{"id":735,"date":"2014-11-11T23:55:02","date_gmt":"2014-11-11T22:55:02","guid":{"rendered":"http:\/\/www.nsu-nebenklage.de\/tr\/?p=735"},"modified":"2014-11-13T15:49:32","modified_gmt":"2014-11-13T14:49:32","slug":"11-11-2014","status":"publish","type":"post","link":"https:\/\/www.nsu-nebenklage.de\/tr\/2014\/11\/11\/11-11-2014\/","title":{"rendered":"11.11.2014"},"content":{"rendered":"<h4>Tino Brandt ve \u201eTh\u00fcringen Vatan Koruma&#8221; ile ilgili daha fazla bilgi<\/h4>\n<p>Bug\u00fcn Tino Brandt&#8217;\u0131n bir zamanlar &#8220;Th\u00fcringen Vatan Koruma&#8221;n\u0131n lideri ve Th\u00fcringen Anayasay\u0131 Koruma Dairesi&#8217;nin muhbiri olan ba\u015f muhbir y\u00f6neticisi yeniden sorguland\u0131.<\/p>\n<p>\u00d6ncelikli konu bir kez daha ortadan kaybolan Zsch\u00e4pe, Mundlos ve B\u00f6hnhardt&#8217;\u0131n Brandt ve TVK&#8217;n\u0131n di\u011fer \u00fcyeleri taraf\u0131ndan desteklenmesi oldu. Brandt&#8217;\u0131n raporlar\u0131yla ilgili \u00e7e\u015fitli &#8220;kapak sayfalar\u0131&#8221; Jena ve Chemnitz&#8217;den \u00e7e\u015fitli &#8220;yolda\u015flar\u0131n&#8221; destek sa\u011flad\u0131\u011f\u0131n\u0131 ve Eyalet Dairesi&#8217;nin daha o zamanlar &#8220;\u00dc\u00e7l\u00fc&#8221;y\u00fc Chemnitz&#8217;de aray\u0131p bulabilmek \u00fczere yeterli bilgiye (ileti\u015fim ki\u015fileri, telefon numaralar\u0131 vs.) sahip oldu\u011funu bir kez daha kan\u0131tlad\u0131lar.<\/p>\n<p>Bunun d\u0131\u015f\u0131nda art\u0131k emekli olan &#8220;Anayasay\u0131 Korumac\u0131&#8221;, \u00f6zellikle de konu Anayasay\u0131 Koruma Dairesi&#8217;nin sa\u011f su\u00e7lara yakla\u015f\u0131m\u0131 oldu\u011funda s\u00fcrekli hat\u0131rlamad\u0131\u011f\u0131n\u0131 \u00f6ne s\u00fcrd\u00fc. Polis bilindi\u011fi \u00fczere Anayasay\u0131 Koruma Dairesi&#8217;nin, kaynaklar\u0131 yap\u0131lacak aramalar konusunda s\u0131kl\u0131kla uyarmas\u0131ndan \u015fikayet\u00e7iydi. Tan\u0131k, Federal Meclis&#8217;in ara\u015ft\u0131rma komisyonuna Brandt&#8217;a kar\u015f\u0131 30 soru\u015fturma y\u00fcr\u00fct\u00fcld\u00fc\u011f\u00fcn\u00fc, bunlardan hi\u00e7birinin mahkumiyetle sonu\u00e7lanmad\u0131\u011f\u0131n\u0131, ama bunun kabul edilebilece\u011fini belirtmi\u015fti. Bug\u00fcn bununla ne kastetti\u011fini hat\u0131rlamak istemiyordu. Ba\u015fka kaynaklardan yap\u0131lan ve Th\u00fcringen Eyalet Dairesi&#8217;nin Tino Brandt&#8217;\u0131n Amerika gezisi de dahil \u00e7e\u015ftli finansal desteklerde bulundu\u011funa y\u00f6nelik hat\u0131rlatmalarla ilgili olarak da hat\u0131rlayamad\u0131\u011f\u0131n\u0131 s\u00f6yledi.<\/p>\n<p>Tan\u0131k, &#8220;Delhi&#8221; (san\u0131k Carsten Schultze&#8217;nin do\u011fum yeri) kod isimli bir i\u015fe alma prosed\u00fcr\u00fc ile ilgili sorulardan da ka\u00e7arak bunlar\u0131 hat\u0131rlamak istemedi.<\/p>\n<p>En az\u0131ndan Th\u00fcringen Eyaleti Anayasay\u0131 Koruma Dairesi&#8217;nin Nazi kaynaklar\u0131ya \u00e7ok yak\u0131n ve hatta dostane bir ili\u015fkisi oldu\u011fu bir kez daha a\u00e7\u0131kl\u0131k kazand\u0131. Brandt&#8217;\u0131n anlatmak istemedi\u011fi hi\u00e7bir \u015feyi anlatmas\u0131 gerekmiyordu. Bunun d\u0131\u015f\u0131nda izlerini kaybettiren \u00fc\u00e7l\u00fcn\u00fcn destek\u00e7ileri aras\u0131nda Chemnitz&#8217;de &#8220;Blood &amp; Honour&#8221;un bulundu\u011fundan dairenin kesinlikle haberi vard\u0131. Zsch\u00e4pe, B\u00f6hnhardt ve Mundlos&#8217;u tutuklamak ve Th\u00fcringen&#8217;deki Nazi yap\u0131lanmas\u0131n\u0131 yok etmeyi a\u00e7\u0131k\u00e7a istemiyorlard\u0131.<\/p>\n","protected":false},"excerpt":{"rendered":"<p>Tino Brandt ve \u201eTh\u00fcringen Vatan Koruma&#8221; ile ilgili daha fazla bilgi Bug\u00fcn Tino Brandt&#8217;\u0131n bir zamanlar &#8220;Th\u00fcringen Vatan Koruma&#8221;n\u0131n lideri ve Th\u00fcringen Anayasay\u0131 Koruma Dairesi&#8217;nin muhbiri olan ba\u015f muhbir y\u00f6neticisi yeniden sorguland\u0131. \u00d6ncelikli konu bir kez daha ortadan kaybolan Zsch\u00e4pe, Mundlos ve B\u00f6hnhardt&#8217;\u0131n Brandt ve TVK&#8217;n\u0131n di\u011fer \u00fcyeleri taraf\u0131ndan desteklenmesi oldu. Brandt&#8217;\u0131n raporlar\u0131yla ilgili \u00e7e\u015fitli [&hellip;]<\/p>\n","protected":false},"author":1,"featured_media":0,"comment_status":"closed","ping_status":"closed","sticky":false,"template":"","format":"standard","meta":{"_s2mail":"yes","footnotes":""},"categories":[1],"tags":[],"class_list":["post-735","post","type-post","status-publish","format-standard","hentry","category-allgemein"],"_links":{"self":[{"href":"https:\/\/www.nsu-nebenklage.de\/tr\/wp-json\/wp\/v2\/posts\/735","targetHints":{"allow":["GET"]}}],"collection":[{"href":"https:\/\/www.nsu-nebenklage.de\/tr\/wp-json\/wp\/v2\/posts"}],"about":[{"href":"https:\/\/www.nsu-nebenklage.de\/tr\/wp-json\/wp\/v2\/types\/post"}],"author":[{"embeddable":true,"href":"https:\/\/www.nsu-nebenklage.de\/tr\/wp-json\/wp\/v2\/users\/1"}],"replies":[{"embeddable":true,"href":"https:\/\/www.nsu-nebenklage.de\/tr\/wp-json\/wp\/v2\/comments?post=735"}],"version-history":[{"count":0,"href":"https:\/\/www.nsu-nebenklage.de\/tr\/wp-json\/wp\/v2\/posts\/735\/revisions"}],"wp:attachment":[{"href":"https:\/\/www.nsu-nebenklage.de\/tr\/wp-json\/wp\/v2\/media?parent=735"}],"wp:term":[{"taxonomy":"category","embeddable":true,"href":"https:\/\/www.nsu-nebenklage.de\/tr\/wp-json\/wp\/v2\/categories?post=735"},{"taxonomy":"post_tag","embeddable":true,"href":"https:\/\/www.nsu-nebenklage.de\/tr\/wp-json\/wp\/v2\/tags?post=735"}],"curies":[{"name":"wp","href":"https:\/\/api.w.org\/{rel}","templated":true}]}}