{"id":745,"date":"2014-11-18T23:17:54","date_gmt":"2014-11-18T22:17:54","guid":{"rendered":"http:\/\/www.nsu-nebenklage.de\/tr\/?p=745"},"modified":"2014-11-20T13:19:05","modified_gmt":"2014-11-20T12:19:05","slug":"18-11-2014","status":"publish","type":"post","link":"https:\/\/www.nsu-nebenklage.de\/tr\/2014\/11\/18\/18-11-2014\/","title":{"rendered":"18.11.2014"},"content":{"rendered":"<h4><b>&#8220;\u0130zole grup&#8221; miti<\/b><\/h4>\n<p>Bug\u00fcnk\u00fc duru\u015fman\u0131n ana konusu NSU&#8217;nun cinayetlerin sorumlulu\u011funu \u00fcstlendi\u011fi videonun Fr\u00fchlingstra\u00dfe&#8217;deki bir bilgisayarda bulunan farkl\u0131 versiyonlar\u0131yd\u0131. \u00dc\u00e7 versiyon incelendi. \u0130lk ikisi al\u0131\u015f\u0131ld\u0131k Nazi videolar\u0131 tarz\u0131nda haz\u0131rlanm\u0131\u015ft\u0131: Bir Nazi gurubunun m\u00fczi\u011fi e\u015fli\u011finde NSU logosu, metinler ve foto\u011fraflar g\u00f6r\u00fcl\u00fcyordu. Enver \u015eim\u015fek&#8217;in \u00f6l\u00fcm\u00fc ve Probsteigasse&#8217;deki bombal\u0131 sald\u0131r\u0131 konu ediliyordu. \u00dc\u00e7\u00fcnc\u00fc video ise &#8220;Pembe Panter&#8221; videosuydu, daha sonra haz\u0131rlanm\u0131\u015ft\u0131 ve NSU&#8217;nun di\u011fer cinayetleriyle ilgiliydi.<\/p>\n<p>Heyet ba\u015fkan\u0131 videoyu haz\u0131rlayanlar\u0131n kendilerinin yazd\u0131\u011f\u0131 metinlere \u00f6zellikle \u00f6nem verdi. \u00d6rne\u011fin g\u00f6sterilen her NSU sald\u0131r\u0131s\u0131n\u0131n ard\u0131ndan tekrarlanan ve kurban\u0131n &#8220;Alman ulusunun muhafazas\u0131n\u0131n bizim i\u00e7in ne kadar \u00f6nemli oldu\u011funu art\u0131k \u00f6\u011frendi\u011fi&#8221; c\u00fcmlesi. Beate Zsch\u00e4pe&#8217;nin videolar\u0131n bulundu\u011fu bilgisayara eri\u015fimi vard\u0131. Kendisinin videolardaki ge\u00e7i\u015fleri haz\u0131rlad\u0131\u011f\u0131na dair, gelecek haftalarda konu\u015fulacak olan somut ipu\u00e7lar\u0131 vard\u0131. Yani cinayet serisi ilk cinayetten bu yana planlanm\u0131\u015ftu, ama g\u00f6r\u00fcnen o ki videoyu cinayetlerin k\u0131sa s\u00fcre ard\u0131ndan yay\u0131nlamamaya daha sonra karar vermi\u015flerdi. Federal Savc\u0131l\u0131k bunun ard\u0131ndan m\u00fcdahil davac\u0131lar\u0131n 6 Kas\u0131m 2014 tarihli delil tespiti dilek\u00e7eleriyle ilgili g\u00f6r\u00fc\u015f bildirdi. B\u00f6hnhardt, Mundlos ve Zsch\u00e4pe&#8217;nin aranmas\u0131na y\u00f6nelik SMS tutanaklar\u0131n\u0131n da bulundu\u011fu hedef arama dosyalar\u0131na \u00fc\u00e7l\u00fcn\u00fcn ortadan kaybolmas\u0131n\u0131n ard\u0131ndan ba\u015fvurulmam\u0131\u015f ve bu dosyalar dava kapsam\u0131na dahil edilmemi\u015fti, \u00e7\u00fcnk\u00fc m\u00fcdahil davac\u0131lar bundan hangi i\u00e7eriklerin \u00e7\u0131kar\u0131laca\u011f\u0131n\u0131 yeterince a\u00e7\u0131klamam\u0131\u015ft\u0131. Ama hedef arayan ki\u015filer tan\u0131k olarak dinlenebilirdi. Belli ki Th\u00fcringen Eyalet Kriminal Dairesi&#8217;nin ortadan kaybolan \u00fc\u00e7l\u00fcn\u00fcn Chemnitz&#8217;de kald\u0131\u011f\u0131 ve onlar\u0131 bulup tutuklamay\u0131 \u00e7ok kolay k\u0131lan \u00e7ok net ipu\u00e7lar\u0131 oldu\u011funun (oradaki Blood and Honour a\u011f\u0131 taraf\u0131ndan a\u011f\u0131rlanma, kullan\u0131lan telefon kul\u00fcbeleri) a\u00e7\u0131\u011fa \u00e7\u0131kmamas\u0131 gerekiyordu. Bu delil talebi dilek\u00e7esiyle Chemnitz&#8217;deki bir destek\u00e7i a\u011f\u0131n\u0131n varl\u0131\u011f\u0131n\u0131n kan\u0131tlanmaya devam edilmesi gerekiyordu.<\/p>\n<p>Federal Savc\u0131l\u0131k&#8217;a g\u00f6re Dortmund&#8217;un miltan Nazi \u00e7evrelerinden merkezi ki\u015filerin sorgulanmas\u0131na y\u00f6nelik dilek\u00e7enin reddedilmesi gerekiyordu, \u00e7\u00fcnk\u00fc \u015fu ana kadar toplanan delillere g\u00f6re NSU&#8217;nun Nazi camias\u0131ndan izole bir grup olarak hareket etti\u011fi ve Dortmundlu Nazilerle i\u015fbirli\u011finin bu nedenle ihtimal d\u0131\u015f\u0131 oldu\u011fu a\u00e7\u0131kt\u0131. Bu arg\u00fcman \u00f6zellikle de tan\u0131klardan birinin kullan\u0131lan silahlar ve k\u00f6kenleri hakk\u0131nda bilgi verebilece\u011fini s\u00f6ylemi\u015f olmas\u0131 ve Dortmundlu &#8220;Blood&amp;Honor&#8221; \u00e7evresinin Chemnitzli destek\u00e7ilerle \u00fclke \u00e7ap\u0131nda birlikte \u00e7al\u0131\u015fmalar\u0131 g\u00f6z \u00f6n\u00fcne al\u0131nd\u0131\u011f\u0131nda ak\u0131l almazd\u0131. Bir yandan Federal Savc\u0131l\u0131k NSU&#8217;nun bir a\u011fa dahil olmas\u0131n\u0131 kan\u0131tlayan delil tespiti taleplerine kar\u015f\u0131 \u00e7\u0131k\u0131yor, di\u011fer yandan dilek\u00e7eler NSU&#8217;yu bir a\u011f ile ili\u015fkilendiren bir ba\u011flant\u0131 olmad\u0131\u011f\u0131 gerek\u00e7esiyle reddediliyordu.<\/p>\n<p>Federal Savc\u0131l\u0131k a\u00e7\u0131k \u015fekilde, izole olarak hareket eden \u00fc\u00e7l\u00fc grup tezinin \u00e7\u00fcr\u00fct\u00fclmesinden korkuyordu. Ama bunu yaparken bu tezin \u00e7oktand\u0131r \u00e7\u00fcr\u00fcd\u00fc\u011f\u00fcn\u00fc g\u00f6rm\u00fcyor: Zsch\u00e4pe, B\u00f6hnhardt ve Mundlos Chemnitz&#8217;de &#8220;Blood&amp;Honour&#8221; \u00fcyeleri ve onlar\u0131n \u00e7evresi taraf\u0131ndan a\u011f\u0131rland\u0131lar, onlara \u00e7e\u015fitli evler verildi ve kimlikler temin edildi, silah ve para sa\u011fland\u0131\u011f\u0131 da ortada. Nazi dergilerinin haz\u0131rlanmas\u0131 ve prod\u00fcksiyonuna kat\u0131ld\u0131lar, t-shirtlerin \u00fcretimine yard\u0131m ettiler. Gayet normal bir ya\u015fam s\u00fcr\u00fcyorlard\u0131; mangal yapmak, bisiklete binmek i\u00e7in bulu\u015fuyorlard\u0131. Ama yeralt\u0131ndaki ya\u015fam ba\u015fkayd\u0131. Ayr\u0131ca NSU&#8217;nun yay\u0131nlar\u0131nda \u00e7ok a\u00e7\u0131k \u015fekilde bir a\u011fdan bahsediliyordu. Her kim burada g\u00f6r\u00fclen di\u011fer silahl\u0131 gruplar\u0131n izlerini takip etmek istemiyorsa olaylar\u0131n ayd\u0131nlat\u0131lmas\u0131n\u0131 engellemek istiyordu. Yard\u0131m eden ve bilgi sahibi olan bir a\u011f mevcut oldu\u011fundan, \u00fc\u00e7l\u00fcn\u00fcn \u00e7evresindeki muhbirlerin onlar\u0131n kald\u0131klar\u0131 yerler ve eylemleri hakk\u0131nda rapor vermemi\u015f olmalar\u0131 kati surette anla\u015f\u0131lamazd\u0131.<\/p>\n","protected":false},"excerpt":{"rendered":"<p>&#8220;\u0130zole grup&#8221; miti Bug\u00fcnk\u00fc duru\u015fman\u0131n ana konusu NSU&#8217;nun cinayetlerin sorumlulu\u011funu \u00fcstlendi\u011fi videonun Fr\u00fchlingstra\u00dfe&#8217;deki bir bilgisayarda bulunan farkl\u0131 versiyonlar\u0131yd\u0131. \u00dc\u00e7 versiyon incelendi. \u0130lk ikisi al\u0131\u015f\u0131ld\u0131k Nazi videolar\u0131 tarz\u0131nda haz\u0131rlanm\u0131\u015ft\u0131: Bir Nazi gurubunun m\u00fczi\u011fi e\u015fli\u011finde NSU logosu, metinler ve foto\u011fraflar g\u00f6r\u00fcl\u00fcyordu. Enver \u015eim\u015fek&#8217;in \u00f6l\u00fcm\u00fc ve Probsteigasse&#8217;deki bombal\u0131 sald\u0131r\u0131 konu ediliyordu. \u00dc\u00e7\u00fcnc\u00fc video ise &#8220;Pembe Panter&#8221; videosuydu, daha [&hellip;]<\/p>\n","protected":false},"author":1,"featured_media":0,"comment_status":"closed","ping_status":"closed","sticky":false,"template":"","format":"standard","meta":{"_s2mail":"yes","footnotes":""},"categories":[1],"tags":[],"class_list":["post-745","post","type-post","status-publish","format-standard","hentry","category-allgemein"],"_links":{"self":[{"href":"https:\/\/www.nsu-nebenklage.de\/tr\/wp-json\/wp\/v2\/posts\/745","targetHints":{"allow":["GET"]}}],"collection":[{"href":"https:\/\/www.nsu-nebenklage.de\/tr\/wp-json\/wp\/v2\/posts"}],"about":[{"href":"https:\/\/www.nsu-nebenklage.de\/tr\/wp-json\/wp\/v2\/types\/post"}],"author":[{"embeddable":true,"href":"https:\/\/www.nsu-nebenklage.de\/tr\/wp-json\/wp\/v2\/users\/1"}],"replies":[{"embeddable":true,"href":"https:\/\/www.nsu-nebenklage.de\/tr\/wp-json\/wp\/v2\/comments?post=745"}],"version-history":[{"count":0,"href":"https:\/\/www.nsu-nebenklage.de\/tr\/wp-json\/wp\/v2\/posts\/745\/revisions"}],"wp:attachment":[{"href":"https:\/\/www.nsu-nebenklage.de\/tr\/wp-json\/wp\/v2\/media?parent=745"}],"wp:term":[{"taxonomy":"category","embeddable":true,"href":"https:\/\/www.nsu-nebenklage.de\/tr\/wp-json\/wp\/v2\/categories?post=745"},{"taxonomy":"post_tag","embeddable":true,"href":"https:\/\/www.nsu-nebenklage.de\/tr\/wp-json\/wp\/v2\/tags?post=745"}],"curies":[{"name":"wp","href":"https:\/\/api.w.org\/{rel}","templated":true}]}}