{"id":76,"date":"2013-05-15T16:35:27","date_gmt":"2013-05-15T14:35:27","guid":{"rendered":"http:\/\/www.nsu-nebenklage.de\/tr\/?p=76"},"modified":"2013-05-16T09:43:52","modified_gmt":"2013-05-16T07:43:52","slug":"15-05-2013","status":"publish","type":"post","link":"https:\/\/www.nsu-nebenklage.de\/tr\/2013\/05\/15\/15-05-2013\/","title":{"rendered":"15.05.2013"},"content":{"rendered":"<h4>NSU Davas\u0131: Keupstrasse\u2019ye Yap\u0131lan Bombalama Sald\u0131r\u0131s\u0131n\u0131 Ba\u015flayan NSU (Nasyonal Sosyalist Yeralt\u0131) Davas\u0131ndan Ay\u0131rma Giri\u015fimi<\/h4>\n<p>14 May\u0131s 2013 tarihinde ger\u00e7ekle\u015fen duru\u015fmada Mahkeme Ba\u015fkan\u0131 Hakim G\u00f6tzl Keupstrasse\u2019de ger\u00e7ekle\u015fen bombalama eylemini y\u00fcr\u00fcyen bu davadan ay\u0131rmay\u0131 d\u00fc\u015f\u00fcnd\u00fc\u011f\u00fcn\u00fc a\u00e7\u0131klad\u0131. Davay\u0131 ay\u0131rmak, Keupstrasse\u2019deki bombalama sald\u0131r\u0131s\u0131na dair yeni bir davan\u0131n bir ihtimal 2 ya da 3 y\u0131l sonra hatta b\u00fcy\u00fck bir olas\u0131l\u0131kla hi\u00e7 a\u00e7\u0131lmamas\u0131 anlam\u0131na gelir. E\u011fer Beate Zsch\u00e4pe bu davada \u00f6m\u00fcr boyu hapis cezas\u0131na mahkum edilir ve kusurun a\u011f\u0131rl\u0131\u011f\u0131 tespit edilirse Keupstrasse\u2019deki bombalamaya dair dava, Alman Ceza Muhakemeleri Kanunu\u2019nun 154. Maddesi gere\u011fi durdurulabilir. \u00c7\u00fcnk\u00fc bu durumda bombalamadan dolay\u0131 verilebilecek bir mahkumiyet al\u0131nan ceza kar\u015f\u0131s\u0131nda \u00f6nemli bir sonuca yol a\u00e7maz.<\/p>\n<p>Mahkeme Ba\u015fkan\u0131\u2019n\u0131n bu a\u00e7\u0131klamas\u0131na neden olan geli\u015fme, san\u0131k avukatlar\u0131n\u0131n mahkeme salonunun k\u00fc\u00e7\u00fck oldu\u011funa dair itirazda bulunmalar\u0131 ve \u00f6zellikle Keupstrasse\u2019deki bombalaman\u0131n kurbanlar\u0131n\u0131n bu davaya m\u00fcdahil olma talebinde bulunmalar\u0131 kar\u015f\u0131s\u0131nda mahkeme salonunun tamamen yetersiz kalaca\u011f\u0131n\u0131 belirtmeleriydi.<\/p>\n<p>Bizler a\u00e7\u0131s\u0131ndan, bu davay\u0131 ay\u0131rman\u0131n herhangi bir maddi nedeni yoktur. Davay\u0131 ay\u0131rma nedeni ancak Keupstrasse\u2019deki bombalaman\u0131n kurbanlar\u0131n\u0131 ve m\u00fcdahilleri ba\u015flar\u0131ndan savmak olabilir. Dava ayr\u0131lsa dahi Keupstrasse\u2019deki bombalamayla ilgili delil ikamesi yap\u0131lmak zorundad\u0131r. Dortmund \u015fehrinde \u00f6ld\u00fcr\u00fclen Mehmet Kuba\u015f\u0131k\u2019\u0131n e\u015fi Elif Kuba\u015f\u0131k\u2019\u0131n avukat\u0131 Carsten \u0130lius: Bombalama sald\u0131r\u0131s\u0131, \u015fu an dava konusu olan di\u011fer fiiller \u00f6zellikle de i\u015flenen 10 cinayet a\u00e7\u0131s\u0131ndan \u00f6nemlidir ve genel karakter olarak NSU\u2019nun i\u015fledi\u011fi su\u00e7lar\u0131n \u0131rk\u00e7\u0131 su\u00e7lar oldu\u011funu g\u00f6zler \u00f6n\u00fcne sermesi bak\u0131m\u0131ndan \u00e7ok \u00f6nemlidir.\u201d Ayr\u0131ca duru\u015fma salonu \u015fu haliyle yeterlidir, m\u00fcdahillerin s\u0131ralar\u0131nda daha bir\u00e7ok s\u0131ra bo\u015ftur. Mahkeme Heyeti Ba\u015fkan\u0131\u2019n\u0131n duru\u015fma salonunun Keupstrasse\u2019den kat\u0131labilecek olas\u0131 m\u00fcdahillerin kat\u0131l\u0131m\u0131yla \u00e7ok k\u00fc\u00e7\u00fck olaca\u011f\u0131 d\u00fc\u015f\u00fcncesi spek\u00fclasyondan \u00f6te bir \u015fey de\u011fildir. Ve davaya yeni m\u00fcdahillerin kat\u0131lmas\u0131 ve daha b\u00fcy\u00fck bir duru\u015fma salonunun gerekli olmas\u0131 durumunda M\u00fcnih\u2019teki yarg\u0131n\u0131n g\u00f6revi, m\u00fcdahilleri davadan uzakla\u015ft\u0131rmak yerine daha b\u00fcy\u00fck bir duru\u015fma salonu temin etmektir.<\/p>\n<p>Bundan dolay\u0131 kurbanlar ve m\u00fcdahil avukatlar\u0131 dava e\u011fer ayr\u0131l\u0131rsa bunu y\u00fczlerine bir kez daha vurulan bir tokat olarak kabul ederler. Ayr\u0131ca b\u00f6ylesi bir karar Nazi ter\u00f6r\u00fcn\u00fcn t\u00fcm kurbanlar\u0131n\u0131n \u00e7\u0131karlar\u0131n\u0131n M\u00fcnih Y\u00fcksek Eyalet Mahkemesi taraf\u0131ndan ayaklar alt\u0131na al\u0131nd\u0131\u011f\u0131n\u0131n g\u00f6stergesi olur.<\/p>\n<p>9 Haziran 2004 tarihinde ger\u00e7ekle\u015fen \u00e7ivili bomba sald\u0131r\u0131s\u0131nda a\u011f\u0131rl\u0131kl\u0131 T\u00fcrkiye k\u00f6kenli insanlar\u0131n oturdu\u011fu K\u00f6ln\u2019deki Keupstrasse\u2019de 22 insan k\u0131smen hayati tehlike olu\u015fturacak \u015fekilde ve 70 insan bomban\u0131n etki etki alanda bulunduklar\u0131 i\u00e7in yaralanm\u0131\u015ft\u0131r. Keupstrasse\u2019ye yap\u0131lan bombal\u0131 sald\u0131r\u0131 NSU \u00f6rg\u00fct\u00fcn\u00fcn en b\u00fcy\u00fck propaganda eylemiydi. \u00d6rg\u00fct\u00fcn hedefi bu eylemle \u00f6zellikle Almanya\u2019da ya\u015fayan T\u00fcrkiye k\u00f6kenli insanlar aras\u0131nda korku ve deh\u015fet yaratmakt\u0131 ve bunu yaratt\u0131lar da. \u00c7\u00fcnk\u00fc bu sokakta ya\u015fayan insanlar\u0131n \u00e7o\u011fu bu sald\u0131r\u0131n\u0131n \u0131rk\u00e7\u0131 bir ter\u00f6r sald\u0131r\u0131s\u0131 oldu\u011funu d\u00fc\u015f\u00fcnmek zorundayd\u0131. Bunun kar\u015f\u0131s\u0131nda siyasiler ve kovu\u015fturmay\u0131 y\u00fcr\u00fcten makamlar y\u0131llarca bu ger\u00e7e\u011fi inkar ettiler.<\/p>\n<p>Hatta tersine soru\u015fturma Keupstrasse\u2019de ya\u015fayan insanlar hakk\u0131nda y\u00fcr\u00fct\u00fcld\u00fc.<\/p>\n<p>Kurbanlar, olas\u0131 su\u00e7lular\u0131n soru\u015fturulmas\u0131 ve mahkeme kar\u015f\u0131s\u0131na \u00e7\u0131kar\u0131lmas\u0131n\u0131 y\u0131llarca beklemek zorunda kald\u0131lar. Tam da bundan dolay\u0131d\u0131r ki tekrar y\u0131llarca davan\u0131n a\u00e7\u0131lmas\u0131n\u0131 beklemek hatta davan\u0131n durdurulmas\u0131 karar\u0131 katlan\u0131labilir bir durum de\u011fildir.<\/p>\n<p>Bug\u00fcn \u00f6\u011flen saatlerinde mahkeme davan\u0131n ayr\u0131lmas\u0131na dair g\u00f6r\u00fc\u015flerini bildirmek \u00fczere davaya kat\u0131lanlara s\u00f6z hakk\u0131 verdi. Davan\u0131n t\u00fcm kat\u0131l\u0131mc\u0131lar\u0131, m\u00fcdahil avukatlar\u0131, Federal Savc\u0131l\u0131k ve san\u0131k avukatlar\u0131 davan\u0131n ayr\u0131lmas\u0131na kar\u015f\u0131 olduklar\u0131n\u0131 a\u00e7\u0131klad\u0131lar.<\/p>\n<p>M\u00fcnchen, 15.05.2013<\/p>\n<p>M\u00fcdahil avukat\u0131 Carsten Ilius (T\u00fcrk\u00e7e konu\u015fur), Antonia von der\u00a0Behrens, Sebastian Scharmer, Peer Stolle, Christina Clemm, Edith\u00a0Lunnebach, Berthold Fresenius, Stephan Kuhn, Angelika Lex, Alexander Hoffmann.<\/p>\n","protected":false},"excerpt":{"rendered":"<p>NSU Davas\u0131: Keupstrasse\u2019ye Yap\u0131lan Bombalama Sald\u0131r\u0131s\u0131n\u0131 Ba\u015flayan NSU (Nasyonal Sosyalist Yeralt\u0131) Davas\u0131ndan Ay\u0131rma Giri\u015fimi 14 May\u0131s 2013 tarihinde ger\u00e7ekle\u015fen duru\u015fmada Mahkeme Ba\u015fkan\u0131 Hakim G\u00f6tzl Keupstrasse\u2019de ger\u00e7ekle\u015fen bombalama eylemini y\u00fcr\u00fcyen bu davadan ay\u0131rmay\u0131 d\u00fc\u015f\u00fcnd\u00fc\u011f\u00fcn\u00fc a\u00e7\u0131klad\u0131. Davay\u0131 ay\u0131rmak, Keupstrasse\u2019deki bombalama sald\u0131r\u0131s\u0131na dair yeni bir davan\u0131n bir ihtimal 2 ya da 3 y\u0131l sonra hatta b\u00fcy\u00fck bir olas\u0131l\u0131kla [&hellip;]<\/p>\n","protected":false},"author":1,"featured_media":0,"comment_status":"closed","ping_status":"closed","sticky":false,"template":"","format":"standard","meta":{"_s2mail":"","footnotes":""},"categories":[1],"tags":[],"class_list":["post-76","post","type-post","status-publish","format-standard","hentry","category-allgemein"],"_links":{"self":[{"href":"https:\/\/www.nsu-nebenklage.de\/tr\/wp-json\/wp\/v2\/posts\/76","targetHints":{"allow":["GET"]}}],"collection":[{"href":"https:\/\/www.nsu-nebenklage.de\/tr\/wp-json\/wp\/v2\/posts"}],"about":[{"href":"https:\/\/www.nsu-nebenklage.de\/tr\/wp-json\/wp\/v2\/types\/post"}],"author":[{"embeddable":true,"href":"https:\/\/www.nsu-nebenklage.de\/tr\/wp-json\/wp\/v2\/users\/1"}],"replies":[{"embeddable":true,"href":"https:\/\/www.nsu-nebenklage.de\/tr\/wp-json\/wp\/v2\/comments?post=76"}],"version-history":[{"count":0,"href":"https:\/\/www.nsu-nebenklage.de\/tr\/wp-json\/wp\/v2\/posts\/76\/revisions"}],"wp:attachment":[{"href":"https:\/\/www.nsu-nebenklage.de\/tr\/wp-json\/wp\/v2\/media?parent=76"}],"wp:term":[{"taxonomy":"category","embeddable":true,"href":"https:\/\/www.nsu-nebenklage.de\/tr\/wp-json\/wp\/v2\/categories?post=76"},{"taxonomy":"post_tag","embeddable":true,"href":"https:\/\/www.nsu-nebenklage.de\/tr\/wp-json\/wp\/v2\/tags?post=76"}],"curies":[{"name":"wp","href":"https:\/\/api.w.org\/{rel}","templated":true}]}}