{"id":772,"date":"2014-12-09T23:34:11","date_gmt":"2014-12-09T22:34:11","guid":{"rendered":"http:\/\/www.nsu-nebenklage.de\/tr\/?p=772"},"modified":"2014-12-11T18:35:50","modified_gmt":"2014-12-11T17:35:50","slug":"09-12-2014","status":"publish","type":"post","link":"https:\/\/www.nsu-nebenklage.de\/tr\/2014\/12\/09\/09-12-2014\/","title":{"rendered":"09.12.2014"},"content":{"rendered":"<h4>Saksonya &#8220;Blood &amp; Honour\u201c ve di\u011fer konular hakk\u0131nda daha fazlas\u0131<\/h4>\n<p>Bug\u00fcnk\u00fc duru\u015fmada delilerin toplanmas\u0131n\u0131n bazen ne kadar titizlik gerektirebilen ve de gerektirmesi laz\u0131m gelen bir i\u015f oldu\u011fu anla\u015f\u0131ld\u0131. Yap\u0131lan parmak izi incelemeleriyle ilgili soru\u015fturma raporlar\u0131n\u0131n okunmas\u0131 t\u00fcm ak\u015fam\u00fcst\u00fcn\u00fc ald\u0131. Verilecek h\u00fck\u00fcmde g\u00f6z \u00f6n\u00fcnde bulundurulabilmeleri i\u00e7in t\u00fcm bu delillerin us\u00fcl\u00fcne uygun \u015fekilde sunulmalar\u0131 gerek ve tespitlerden kimileri i\u00e7erikleri a\u00e7\u0131s\u0131ndan \u00e7ok \u00f6nemli.<\/p>\n<p>Ama \u00f6ncelikle 2011 y\u0131l\u0131nda Saksonya &#8220;Blood and Honour&#8221; \u015fefi Jan Werner&#8217;i su\u00e7lu olarak sorgulam\u0131\u015f olan iki Federal Kriminal Dairesi sorgu memuru ifade verdi. Werner sorgu s\u0131rasunda konuyla ilgili bilgi vermemi\u015f ama bir sigara molas\u0131 s\u0131ras\u0131nda \u015funu anlatm\u0131\u015f\u0131t: 1990&#8217;larda kimin Nazi camias\u0131na silah tedarik etti\u011fi zaten biliniyordu, daha sonra muhbir oldu\u011fu da ortaya \u00e7\u0131km\u0131\u015ft\u0131. Kendisi o zamanlar s\u00fcrekli g\u00f6zetim alt\u0131ndayd\u0131. Werner bunun d\u015f\u0131nda k\u0131saca yine bir Saksonya &#8220;B&amp;H&#8221; \u00fcyesi ve Nazi m\u00fczik grubu &#8220;Noie Werte&#8221;den olan Andreas Graupner ile olan tan\u0131\u015f\u0131kl\u0131\u011f\u0131ndan bahsetmi\u015f, ama onunla art\u0131k ba\u011flant\u0131s\u0131 olmad\u0131\u011f\u0131n\u0131 \u00f6ne s\u00fcrm\u00fc\u015ft\u00fc.<\/p>\n<p>Ard\u0131ndan \u0130svi\u00e7reli tan\u0131\u011f\u0131n \u0130svi\u00e7re Savc\u0131l\u0131\u011f\u0131 taraf\u0131ndan cinayet silah\u0131 Ceska hakk\u0131nda sorgulanmas\u0131nda mevcut bulunan Federal Ba\u015fsavc\u0131l\u0131k&#8217;\u0131n bir ara\u015ft\u0131rma g\u00f6revlisi geldi ve k\u0131saca sorgu s\u0131ras\u0131ndaki durumu anlatt\u0131.<\/p>\n<p>Mahkeme, duru\u015fma g\u00fcn\u00fcn\u00fcn sonunda Zwickau Fr\u00fchlingstra\u00dfe&#8217;de y\u0131k\u0131lan binan\u0131n enkaz\u0131nda bulunan \u00e7e\u015fitli nesnelerin de\u011ferlendirilmesine ba\u015flad\u0131. Bug\u00fcn parmak izleriyle ilgili kimi bilirki\u015fi raporlar\u0131 okundu. Bulunanlar aras\u0131nda san\u0131k Eminger&#8217;e ait ve kendi parmak izleriyle &#8220;\u00dc\u00e7l\u00fc&#8221;n\u00fcn parmak izlerinin oldu\u011fu belgeler vard\u0131. NSU&#8217;nun i\u015fledi\u011fi cinayetlere dair \u00e7e\u015fitli gazete haberlerinin \u00fczerinde Zsch\u00e4pe&#8217;nin parmak izleri bulunmu\u015ftu. Bu da Zsch\u00e4pe&#8217;nin, savunmas\u0131n\u0131n g\u00f6stermeye \u00e7al\u0131\u015ft\u0131\u011f\u0131 gibi &#8220;yeralt\u0131ndaki ev kad\u0131n\u0131&#8221; olmay\u0131p NSU&#8217;nun i\u015fledi\u011fi su\u00e7lara faal olarak dahil oldu\u011funun ba\u015fka bir kan\u0131t\u0131yd\u0131.<\/p>\n","protected":false},"excerpt":{"rendered":"<p>Saksonya &#8220;Blood &amp; Honour\u201c ve di\u011fer konular hakk\u0131nda daha fazlas\u0131 Bug\u00fcnk\u00fc duru\u015fmada delilerin toplanmas\u0131n\u0131n bazen ne kadar titizlik gerektirebilen ve de gerektirmesi laz\u0131m gelen bir i\u015f oldu\u011fu anla\u015f\u0131ld\u0131. Yap\u0131lan parmak izi incelemeleriyle ilgili soru\u015fturma raporlar\u0131n\u0131n okunmas\u0131 t\u00fcm ak\u015fam\u00fcst\u00fcn\u00fc ald\u0131. Verilecek h\u00fck\u00fcmde g\u00f6z \u00f6n\u00fcnde bulundurulabilmeleri i\u00e7in t\u00fcm bu delillerin us\u00fcl\u00fcne uygun \u015fekilde sunulmalar\u0131 gerek ve tespitlerden [&hellip;]<\/p>\n","protected":false},"author":1,"featured_media":0,"comment_status":"closed","ping_status":"closed","sticky":false,"template":"","format":"standard","meta":{"_s2mail":"yes","footnotes":""},"categories":[1],"tags":[],"class_list":["post-772","post","type-post","status-publish","format-standard","hentry","category-allgemein"],"_links":{"self":[{"href":"https:\/\/www.nsu-nebenklage.de\/tr\/wp-json\/wp\/v2\/posts\/772","targetHints":{"allow":["GET"]}}],"collection":[{"href":"https:\/\/www.nsu-nebenklage.de\/tr\/wp-json\/wp\/v2\/posts"}],"about":[{"href":"https:\/\/www.nsu-nebenklage.de\/tr\/wp-json\/wp\/v2\/types\/post"}],"author":[{"embeddable":true,"href":"https:\/\/www.nsu-nebenklage.de\/tr\/wp-json\/wp\/v2\/users\/1"}],"replies":[{"embeddable":true,"href":"https:\/\/www.nsu-nebenklage.de\/tr\/wp-json\/wp\/v2\/comments?post=772"}],"version-history":[{"count":0,"href":"https:\/\/www.nsu-nebenklage.de\/tr\/wp-json\/wp\/v2\/posts\/772\/revisions"}],"wp:attachment":[{"href":"https:\/\/www.nsu-nebenklage.de\/tr\/wp-json\/wp\/v2\/media?parent=772"}],"wp:term":[{"taxonomy":"category","embeddable":true,"href":"https:\/\/www.nsu-nebenklage.de\/tr\/wp-json\/wp\/v2\/categories?post=772"},{"taxonomy":"post_tag","embeddable":true,"href":"https:\/\/www.nsu-nebenklage.de\/tr\/wp-json\/wp\/v2\/tags?post=772"}],"curies":[{"name":"wp","href":"https:\/\/api.w.org\/{rel}","templated":true}]}}