{"id":774,"date":"2014-12-10T23:56:15","date_gmt":"2014-12-10T22:56:15","guid":{"rendered":"http:\/\/www.nsu-nebenklage.de\/tr\/?p=774"},"modified":"2014-12-13T17:57:50","modified_gmt":"2014-12-13T16:57:50","slug":"10-12-2014","status":"publish","type":"post","link":"https:\/\/www.nsu-nebenklage.de\/tr\/2014\/12\/10\/10-12-2014\/","title":{"rendered":"10.12.2014"},"content":{"rendered":"<h4>\u0130nkar ve Masumla\u015ft\u0131rma \u00c7abalar\u0131 XI \u2013 Zsch\u00e4pe\u2019nin savunmas\u0131n\u0131n azimli deste\u011fiyle \u2013 Antje Probst\u2019un sorgusunun devam\u0131<\/h4>\n<p>Bug\u00fcn eski \u201cBlood&amp; Honour\u201d \u00fcyesi Antje Probst\u2019un sorgusuna devam edildi. (\u0130lk sorgu i\u00e7in <a title=\"20.11.2014\" href=\"http:\/\/www.nsu-nebenklage.de\/tr\/2014\/11\/21\/20-11-2014\/\" target=\"_blank\">20.11.2014<\/a> tarihli blog giri\u015fine bak\u0131n\u0131z.) Tan\u0131k, katlan\u0131lmaz masum g\u00f6sterme takti\u011fine devam ederek \u201cBlood &amp; Honour\u201dun politik faaliyetlerinden hi\u00e7 haberi olmad\u0131\u011f\u0131n\u0131, \u00f6rnek Nazi grubu \u201cSkrewdriver\u201da sadece m\u00fczikal olarak ve baladlar\u0131ndan dolay\u0131 hayranl\u0131k duydu\u011funu vs. iddia etti. Farkl\u0131 sorular ve ba\u015fka bilgiler i\u00e7eren yay\u0131nlardan ve tan\u0131k sorgular\u0131ndan hat\u0131rlatmalar yap\u0131lmas\u0131 \u00fczerine de bu tavr\u0131nda \u0131srar etti.<\/p>\n<p>Tan\u0131k genel olarak yalan ifade vermekten olay\u0131 beklenen ceza davas\u0131n\u0131 fazlas\u0131yla haketti. Doruk noktas\u0131, sorgunun ba\u015flang\u0131c\u0131nda kendisinin de bir kez daha k\u0131saca Andr\u00e9 Eminger konusuna de\u011finmesi (bkz. <a title=\"20.11.2014\" href=\"http:\/\/www.nsu-nebenklage.de\/tr\/2014\/11\/21\/20-11-2014\/\" target=\"_blank\">20.11.2014<\/a> tarihli blog giri\u015fi) ama bu f\u0131rsat\u0131 ge\u00e7en sefer verdi\u011fi a\u00e7\u0131k \u015fekilde yalan ifadesini d\u00fczeltmek i\u00e7in kullanmamas\u0131yd\u0131. Zsch\u00e4pe\u2019nin savunmas\u0131 bunun \u00fczerine m\u00fcdahil dava avukat\u0131 Hoffmann\u2019\u0131n bir sorusuna itiraz ederek uzunca bir tart\u0131\u015fmaya yol a\u00e7t\u0131: Tan\u0131k kendisi ve kocas\u0131n\u0131n \u00e7ald\u0131\u011f\u0131 \u201cAEG\u201d grubunun \u201cBlood &amp; Honour\u201d ile hi\u00e7bir ilgisinin olmad\u0131\u011f\u0131n\u0131 s\u00f6ylemi\u015fti. Hoffmann bunu sorgulayarak ona \u201cAEG\u201dnin m\u00fczi\u011fini kimin yapt\u0131\u011f\u0131n\u0131 sordu. Savunmaya g\u00f6re bu sorunun davayla hi\u00e7bir ilgisi yoktu, oysa ki tan\u0131\u011f\u0131n inan\u0131l\u0131rl\u0131\u011f\u0131 i\u00e7in \u00f6nemi besbeliydi. Besbelli olan di\u011fer bir \u015fey de tan\u0131\u011f\u0131n dava i\u00e7in olan anlam\u0131yd\u0131, \u00e7\u00fcnk\u00fc di\u011fer tan\u0131klar Probst\u2019un verdi\u011fi somut destekten ve camiay\u0131 militarize etme \u00e7abalar\u0131ndan bahsetmi\u015flerdi. Ama tabii ki Zsch\u00e4pe\u2019nin savunmas\u0131, \u00fc\u00e7l\u00fcn\u00fcn Chemnitz \u00e7evresinden t\u00fcm Nazi tan\u0131klar\u0131n uygulad\u0131\u011f\u0131 inkar ve masum g\u00f6sterme stratejisinin bozulmas\u0131 ve NSU\u2019nun daha geni\u015f Nazi \u00e7evreleri taraf\u0131ndan deste\u011fine dair ba\u015fka detaylar\u0131n g\u00fcn \u0131\u015f\u0131\u011f\u0131na \u00e7\u0131kar\u0131lmas\u0131yla ilgilenmiyordu. Benzer bir durum g\u00f6r\u00fcnen o ki bug\u00fcn yeniden savunman\u0131n yard\u0131m\u0131na ko\u015fan Federal Ba\u015fsavc\u0131l\u0131k ve maalesef onlara kat\u0131lan kimi m\u00fcdahil dava temsilcileri i\u00e7in de ge\u00e7erliydi. Mahkeme heyeti soruya (tabii ki) izin verdi ve tan\u0131k soruyu cevapad\u0131.<\/p>\n<p>Zsch\u00e4pe ve Wohlleben\u2019in savunmalar\u0131 buna benzer anlams\u0131z itirazlarla duru\u015fman\u0131n devam\u0131nda da NSU ve \u201cBlood &amp; Honour\u201d\u0131n yap\u0131s\u0131 i\u00e7in b\u00fcy\u00fck \u00f6nem ta\u015f\u0131yan bu tan\u0131\u011f\u0131n sorgusuna engel olmaya \u00e7al\u0131\u015ft\u0131lar. Tan\u0131\u011f\u0131n ifadesi, susma ve san\u0131kla birlik olma stratejisinin o zamanlarki \u00e7evreden ki\u015filerde hala mevcut oldu\u011funu bir kez daha g\u00f6sterdi. Tan\u0131\u011f\u0131n en az\u0131ndan burada s\u00f6z konusu olan y\u0131llarda t\u00fcm hayat \u015fartlar\u0131nda b\u00fct\u00fcn\u00fcyle o zamanlarki Nazi camias\u0131na ba\u011fl\u0131 oldu\u011fu da belli oldu: \u201c\u015eahsen\u201d konserler d\u00fczenliyor, mesleki olarak ilgili CD, video, k\u0131yafet ve dergileri sat\u0131yordu ve \u00e7ok ki\u015fisel bir \u015fekilde \u00e7ocuklar\u0131n\u0131n \u201cbeyaz olmayan\u201d \u00e7ocuklarla oynamak durumunda kalmalar\u0131ndan korkuyordu. Tan\u0131k ve \u00e7evresi bir \u201culusal kurtar\u0131lm\u0131\u015f b\u00f6lgede\u201d ya\u015f\u0131yor ve ya\u015famlar\u0131n\u0131 Nasyonal Sosyalizmi y\u00fccelten ilkel \u201cbeyaz egemenli\u011fi\u201d ideolojisine g\u00f6re \u015fekillendiriyorlard\u0131. B\u00f6yle bir d\u00fcnyada, m\u00fcltecilere kar\u015f\u0131 bir \u201c\u0131rk sava\u015f\u0131\u201dndan etkili bir sava\u015f arac\u0131 olarak s\u00f6z edilmesi nihayetinde \u015fa\u015f\u0131rt\u0131c\u0131 de\u011fildi. Muhbir Szczepanski\u2019nin Saksonya grubunun Zsch\u00e4pe, Mundlos ve B\u00f6hnhardt\u2019\u0131 destekleme karar\u0131 ald\u0131\u011f\u0131, tan\u0131k Probst\u2019un silahl\u0131 sava\u015f propagandas\u0131 yapt\u0131\u011f\u0131 ve Zsch\u00e4pe\u2019ye pasaportunu vermek istedi\u011fi ve Jan Werner\u2019in silah tedarik etmeye \u00e7al\u0131\u015ft\u0131\u011f\u0131na dair verdi\u011fi bilgiler b\u00fcy\u00fck \u00f6nem kazand\u0131.<\/p>\n<p>M\u00fcdahil davac\u0131lar son olarak, polise Mundlos ve B\u00f6hnhardt\u2019\u0131 Zwickau\u2019da erkek karde\u015fini ziyareti s\u0131ras\u0131nda ve daha sonra Halit Yozgat\u2019un cinayetiyle do\u011frudan zamansal bir ba\u011flant\u0131 i\u00e7erisinde Kassel\u2019de g\u00f6rd\u00fc\u011f\u00fc ve bu destek\u00e7i a\u011f\u0131ndan ba\u011flant\u0131 kurulabilecek ki\u015filer tan\u0131d\u0131\u011f\u0131 bilgisini veren bir Neonazi ile ilgili tamamlay\u0131c\u0131 bir delil tespiti talebinde bulundular.<\/p>\n","protected":false},"excerpt":{"rendered":"<p>\u0130nkar ve Masumla\u015ft\u0131rma \u00c7abalar\u0131 XI \u2013 Zsch\u00e4pe\u2019nin savunmas\u0131n\u0131n azimli deste\u011fiyle \u2013 Antje Probst\u2019un sorgusunun devam\u0131 Bug\u00fcn eski \u201cBlood&amp; Honour\u201d \u00fcyesi Antje Probst\u2019un sorgusuna devam edildi. (\u0130lk sorgu i\u00e7in 20.11.2014 tarihli blog giri\u015fine bak\u0131n\u0131z.) Tan\u0131k, katlan\u0131lmaz masum g\u00f6sterme takti\u011fine devam ederek \u201cBlood &amp; Honour\u201dun politik faaliyetlerinden hi\u00e7 haberi olmad\u0131\u011f\u0131n\u0131, \u00f6rnek Nazi grubu \u201cSkrewdriver\u201da sadece m\u00fczikal olarak [&hellip;]<\/p>\n","protected":false},"author":1,"featured_media":0,"comment_status":"closed","ping_status":"closed","sticky":false,"template":"","format":"standard","meta":{"_s2mail":"yes","footnotes":""},"categories":[1],"tags":[],"class_list":["post-774","post","type-post","status-publish","format-standard","hentry","category-allgemein"],"_links":{"self":[{"href":"https:\/\/www.nsu-nebenklage.de\/tr\/wp-json\/wp\/v2\/posts\/774","targetHints":{"allow":["GET"]}}],"collection":[{"href":"https:\/\/www.nsu-nebenklage.de\/tr\/wp-json\/wp\/v2\/posts"}],"about":[{"href":"https:\/\/www.nsu-nebenklage.de\/tr\/wp-json\/wp\/v2\/types\/post"}],"author":[{"embeddable":true,"href":"https:\/\/www.nsu-nebenklage.de\/tr\/wp-json\/wp\/v2\/users\/1"}],"replies":[{"embeddable":true,"href":"https:\/\/www.nsu-nebenklage.de\/tr\/wp-json\/wp\/v2\/comments?post=774"}],"version-history":[{"count":0,"href":"https:\/\/www.nsu-nebenklage.de\/tr\/wp-json\/wp\/v2\/posts\/774\/revisions"}],"wp:attachment":[{"href":"https:\/\/www.nsu-nebenklage.de\/tr\/wp-json\/wp\/v2\/media?parent=774"}],"wp:term":[{"taxonomy":"category","embeddable":true,"href":"https:\/\/www.nsu-nebenklage.de\/tr\/wp-json\/wp\/v2\/categories?post=774"},{"taxonomy":"post_tag","embeddable":true,"href":"https:\/\/www.nsu-nebenklage.de\/tr\/wp-json\/wp\/v2\/tags?post=774"}],"curies":[{"name":"wp","href":"https:\/\/api.w.org\/{rel}","templated":true}]}}