{"id":778,"date":"2014-12-16T23:43:42","date_gmt":"2014-12-16T22:43:42","guid":{"rendered":"http:\/\/www.nsu-nebenklage.de\/tr\/?p=778"},"modified":"2014-12-17T18:45:15","modified_gmt":"2014-12-17T17:45:15","slug":"16-12-2014","status":"publish","type":"post","link":"https:\/\/www.nsu-nebenklage.de\/tr\/2014\/12\/16\/16-12-2014\/","title":{"rendered":"16.12.2014"},"content":{"rendered":"<h4>\u0130nkar ve Masum G\u00f6sterme XII \u2013 Michael Probst\u2019un sorgusunun devam\u0131<\/h4>\n<p>Bug\u00fcn eski Saksonya \u201eBlood &amp; Honour\u201c \u00fcyesi Antje Probst\u2019un eski e\u015fi Michael Probst\u2019un sorgusuna devam edildi. Son sorgusunda eski e\u015fiyle ilgili sorular\u0131 onun aleyhine konu\u015fmamak ad\u0131na cevapland\u0131rmayaca\u011f\u0131n\u0131 s\u00f6ylemi\u015fti: \u201eBununla ilgisi olmu\u015f olmas\u0131 m\u00fcmk\u00fcn.\u201c (bkz. 03.12.2014 tarihli blog). Bug\u00fcn salona bir tan\u0131k vekiliyle gelerek eski e\u015fiyle ilgili sorular\u0131 yan\u0131tlad\u0131, ama bu esnada onun rol\u00fcn\u00fc oldu\u011fundan azm\u0131\u015f gibi g\u00f6stermeye \u00e7al\u0131\u015ft\u0131. \u201eKad\u0131ns\u0131 bir rol oynam\u0131\u015ft\u0131\u201c, \u201eromantik ayd\u0131nlanmadan\u201c dolay\u0131 \u201eB&amp;H\u201cdeydi ve orada s\u00f6yleyebilece\u011fi pek bir \u015fey yoktu. Muhbir Szczepanski\u2019nin raporlar\u0131na g\u00f6re durumun \u00e7ok farkl\u0131 oldu\u011fu, Antje Probst\u2019un \u201eB &amp; H \u00e7evresini sald\u0131r\u0131 y\u00f6n\u00fcne \u00e7ekmeye \u00e7al\u0131\u015ft\u0131\u011f\u0131 Probst\u2019a hat\u0131rlat\u0131lsa da o eski e\u015finin rol\u00fcn\u00fc oldu\u011fundan azm\u0131\u015f gibi g\u00f6steren iddialarda bulunmaya devam etti. Yine de hat\u0131rlatma \u00fczerine bu ifadesini g\u00f6recele\u015ftirmek zorunda kald\u0131 ve eski e\u015finin en az\u0131ndan bir kez ba\u011f\u0131\u015f paralar\u0131n\u0131 iletmi\u015f oldu\u011funu, \u201eB &amp; H\u201c nin i\u00e7 i\u015fleri konusunda kendisine kar\u015f\u0131 \u00e7ok a\u011fz\u0131 s\u0131k\u0131 oldu\u011funu, \u00f6rg\u00fct i\u00e7erisinde komplo hareketleri sergiledi\u011fini anlatt\u0131.<\/p>\n<p>Probst bunun d\u0131\u015f\u0131nda \u201eB&amp;H\u201c ve di\u011fer \u00f6rg\u00fctlerin g\u00f6r\u00fc\u015flerini payla\u015fmad\u0131\u011f\u0131n\u0131 iddia etse de onlar\u0131 yine de tehlikesizmi\u015f gibi g\u00f6stermeye \u00e7al\u0131\u015ft\u0131: \u201eB&amp;H\u201cn\u0131n hedefi \u201evatanseverlik, belki biraz kuvvetli bir ulusal gurur\u201c idi; Chemnitzli \u201e88liler\u201c, \u201ebir \u015fehirdeki aidiyeti\u201c ifade etmek isteyen bir \u201egen\u00e7lik hareketi\u201c idiydi. Ama burada da daha sonra geri ad\u0131m atmak durumunda kald\u0131: Neden B&amp;H \u00fcyesi olmad\u0131\u011f\u0131yla ilgili belirleyici bir sebep polis taraf\u0131ndan g\u00f6zetlenmesiydi. Bunun d\u0131\u015f\u0131nda \u201eB&amp;H\u201c dergisi \u201eBeyaz \u00dcst\u00fcnl\u00fc\u011f\u00fc\u201c ve benzerlerinin haz\u0131rlanmas\u0131yla ilgili kimi detaylar verebiliyordu, yani belli ki somut isimleri \u00e7o\u011funlukla \u201eart\u0131k hat\u0131rlayamasa da\u201c iyi bilgi sahibiydi. Tekrar tekrar sorulmas\u0131 \u00fczerine Saksonya grubunun \u00fclke \u00e7ap\u0131ndaki birlikten ayr\u0131lmas\u0131n\u0131n ve yeni \u00f6rg\u00fct d\u00fczenlemesinin kararla\u015ft\u0131r\u0131ld\u0131\u011f\u0131 bir \u201eB&amp;H\u201c toplant\u0131s\u0131nda bulunmu\u015f oldu\u011funu reddetmedi bile.<\/p>\n<p>Bu tan\u0131k da genel olarak yalan ifade vermekten dolay\u0131 do\u011frudan bir ceza davas\u0131yla kar\u015f\u0131 kar\u015f\u0131ya kalabilir. San\u0131k Andr\u00e9 Eminger\u2019i tan\u0131d\u0131\u011f\u0131n\u0131 bile reddetti, oysa ki eski e\u015fi polise Eminger\u2019in Probst ile hala somut i\u015f ili\u015fkilerinin oldu\u011funu anlatm\u0131\u015ft\u0131 ve telefon numaras\u0131 Eminger\u2019in cep telefonunda kay\u0131tl\u0131 bulunmu\u015ftu. Yine de tan\u0131\u011f\u0131n ifadesi muhbir Szczepanski\u2019nin Saksonya \u201eB&amp;H\u201cnin ve eski kar\u0131s\u0131n\u0131n destek faaliyetleriyle ilgili verdi\u011fi bilgilerden \u015f\u00fcphe edilmesini sa\u011flam\u0131yordu. Tan\u0131\u011f\u0131n, ifadesine g\u00f6re b\u00f6ylesi destek faaliyetlerinden hi\u00e7bir \u015fekilde haberi olamazd\u0131. Szczepanski\u2019nin onu \u201eB&amp;H\u201c \u00fcyesi olarak tan\u0131mlam\u0131\u015f olmas\u0131 m\u00fczik prod\u00fckt\u00f6r\u00fc, d\u00fckkan sahibi, grup \u00fcyesi, Antje Probst\u2019un eski kocas\u0131 ve Jan Werner\u2019in yak\u0131n arkada\u015f\u0131 olarak \u00f6ne \u00e7\u0131kan konumundan dolay\u0131 olabilirdi. Bu durumun \u00f6rg\u00fctle \u00f6zel bir yak\u0131nl\u0131k sa\u011flad\u0131\u011f\u0131na tan\u0131\u011f\u0131n kendisi bile kar\u015f\u0131 \u00e7\u0131kamad\u0131.<\/p>\n<p>Bunun d\u0131\u015f\u0131nda Federal Yarg\u0131tay\u2019dan bir hakim, san\u0131k Carsten Schultze\u2019ye tutukluluk emrinin ba\u015flamas\u0131 vesilesiyle silahlar\u0131n g\u00f6sterilmesiyle ilgili olarak k\u0131saca ifade verdi.<\/p>\n","protected":false},"excerpt":{"rendered":"<p>\u0130nkar ve Masum G\u00f6sterme XII \u2013 Michael Probst\u2019un sorgusunun devam\u0131 Bug\u00fcn eski Saksonya \u201eBlood &amp; Honour\u201c \u00fcyesi Antje Probst\u2019un eski e\u015fi Michael Probst\u2019un sorgusuna devam edildi. Son sorgusunda eski e\u015fiyle ilgili sorular\u0131 onun aleyhine konu\u015fmamak ad\u0131na cevapland\u0131rmayaca\u011f\u0131n\u0131 s\u00f6ylemi\u015fti: \u201eBununla ilgisi olmu\u015f olmas\u0131 m\u00fcmk\u00fcn.\u201c (bkz. 03.12.2014 tarihli blog). Bug\u00fcn salona bir tan\u0131k vekiliyle gelerek eski e\u015fiyle [&hellip;]<\/p>\n","protected":false},"author":1,"featured_media":0,"comment_status":"closed","ping_status":"closed","sticky":false,"template":"","format":"standard","meta":{"_s2mail":"yes","footnotes":""},"categories":[1],"tags":[],"class_list":["post-778","post","type-post","status-publish","format-standard","hentry","category-allgemein"],"_links":{"self":[{"href":"https:\/\/www.nsu-nebenklage.de\/tr\/wp-json\/wp\/v2\/posts\/778","targetHints":{"allow":["GET"]}}],"collection":[{"href":"https:\/\/www.nsu-nebenklage.de\/tr\/wp-json\/wp\/v2\/posts"}],"about":[{"href":"https:\/\/www.nsu-nebenklage.de\/tr\/wp-json\/wp\/v2\/types\/post"}],"author":[{"embeddable":true,"href":"https:\/\/www.nsu-nebenklage.de\/tr\/wp-json\/wp\/v2\/users\/1"}],"replies":[{"embeddable":true,"href":"https:\/\/www.nsu-nebenklage.de\/tr\/wp-json\/wp\/v2\/comments?post=778"}],"version-history":[{"count":0,"href":"https:\/\/www.nsu-nebenklage.de\/tr\/wp-json\/wp\/v2\/posts\/778\/revisions"}],"wp:attachment":[{"href":"https:\/\/www.nsu-nebenklage.de\/tr\/wp-json\/wp\/v2\/media?parent=778"}],"wp:term":[{"taxonomy":"category","embeddable":true,"href":"https:\/\/www.nsu-nebenklage.de\/tr\/wp-json\/wp\/v2\/categories?post=778"},{"taxonomy":"post_tag","embeddable":true,"href":"https:\/\/www.nsu-nebenklage.de\/tr\/wp-json\/wp\/v2\/tags?post=778"}],"curies":[{"name":"wp","href":"https:\/\/api.w.org\/{rel}","templated":true}]}}