{"id":788,"date":"2015-01-13T23:56:37","date_gmt":"2015-01-13T22:56:37","guid":{"rendered":"http:\/\/www.nsu-nebenklage.de\/tr\/?p=788"},"modified":"2015-01-16T08:34:21","modified_gmt":"2015-01-16T07:34:21","slug":"13-01-2015","status":"publish","type":"post","link":"https:\/\/www.nsu-nebenklage.de\/tr\/2015\/01\/13\/13-01-2015\/","title":{"rendered":"13.01.2015"},"content":{"rendered":"<h4>Eski muhbir Carsten Szczepanski\u2019nin sorgusunun devam\u0131.<br \/>\nVe: Cephe par\u00e7alan\u0131yor. Wohlleben\u2019in savunmas\u0131n\u0131n delil tespiti talepleri<\/h4>\n<p>Bug\u00fcn ilk olarak K\u00f6ln Keupstra\u00dfe\u2019deki \u00e7ivili bomban\u0131n etkisini ara\u015ft\u0131rm\u0131\u015f olan bomba soru\u015fturmac\u0131lar\u0131n\u0131n sorgular\u0131 sonland\u0131r\u0131ld\u0131.<br \/>\nArd\u0131ndan eski muhbir Carsten Szczepanski\u2019nin sorgusuna devam edildi. (Sorgusunun ba\u015flang\u0131c\u0131 i\u00e7in <a title=\"03.12.2014\" href=\"http:\/\/www.nsu-nebenklage.de\/tr\/2014\/12\/03\/03-12-2014\/\" target=\"_blank\">03.12.2014<\/a> tarihli blog metnine bak\u0131n\u0131z.)<\/p>\n<p>Sorgu beklendi\u011fi \u00fczere zorlu ve a\u011f\u0131r ge\u00e7ti; tan\u0131\u011f\u0131n eski yolda\u015flar\u0131, isimler ve tarihlere dair haf\u0131zas\u0131 (veya hat\u0131rlama iste\u011fi) zay\u0131ft\u0131. Yine de g\u00f6rece a\u00e7\u0131k \u015fekilde camian\u0131n ideolojik y\u00f6nelimi ve \u015fiddet e\u011filiminden bahsetti. <a href=\"http:\/\/www.nsu-nebenklage.de\/wp-content\/uploads\/2015\/01\/2015.01.13.-Erkl\u00e4rung-zum-Zeugen-Szczpanski.pdf\" target=\"_blank\">M\u00fcdahil davac\u0131lar tan\u0131\u011f\u0131n sorgusunun sonu\u00e7lar\u0131n\u0131, burada anlam\u0131na uygun olarak \u00f6zetleyece\u011fimiz s\u00f6zl\u00fc bir a\u00e7\u0131klamada \u00f6zetlediler<\/a>. A\u00e7\u0131\u011fa \u00e7\u0131kan sadece 90\u2019l\u0131 y\u0131llar\u0131n Nazi camis\u0131na y\u00f6n veren \u0131rk\u00e7\u0131 \u015fiddet eylemlerinin aleni propagandas\u0131 de\u011fildi. Her \u015feyden \u00e7ok deh\u015fete d\u00fc\u015f\u00fcren tan\u0131\u011f\u0131n muhbirlik faaliyeti s\u0131ras\u0131nda tam da bu politik eylemleri s\u00fcrd\u00fcrmesi, tutuklulu\u011fu s\u0131ras\u0131nda bile \u015fiddeti a\u015f\u0131r\u0131 derecede y\u00fccelten bir fanzin \u00e7\u0131karmas\u0131 ve fanzinleri yay\u0131nlamadan \u00f6nce muhbir liderine g\u00f6stermesi ve hi\u00e7bir itirazla kar\u015f\u0131la\u015fmamas\u0131yd\u0131. Tan\u0131\u011f\u0131n Zsch\u00e4pe, Mundlos ve B\u00f6hnhardt\u2019\u0131n Chemnitz\u2019de kalmalar\u0131 ve oradaki Blood and Honour \u015fubesinin onlar\u0131 desteklemesine y\u00f6nelik verdi\u011fi bilgilerin \u00fc\u00e7l\u00fcn\u00fcn tutuklanmas\u0131na yol a\u00e7mamas\u0131 ger\u00e7e\u011fi bu Anayasay\u0131 Koruma Dairesi\u2019nin Nazi camias\u0131yla m\u00fccadele ve onlar\u0131n tutuklanmas\u0131yka ilgilenmedi\u011fini g\u00f6steriyordu.<\/p>\n<p>Szczepanski\u2019nn asl\u0131nda yar\u0131n da gelmesi gerekiyordu; bununla birlikte yar\u0131n i\u00e7in art\u0131k delil program\u0131 olmad\u0131\u011f\u0131ndan, heyet ba\u015fkan\u0131 Hakim G\u00f6tzl yar\u0131nki duru\u015fma g\u00fcn\u00fcn\u00fc teredd\u00fct etmeden iptal etti.<\/p>\n<p>Ana duru\u015fma g\u00fcn\u00fcn\u00fcn finalinde Wohlleben\u2019in savunmas\u0131 \u00e7ok say\u0131da delil tespiti talebinde bulundu. Tav\u0131rlar\u0131 \u015fu y\u00f6ndeydi: Ortadan kaybolan \u00fc\u00e7l\u00fcn\u00fcn ve NSU\u2019nun destek\u00e7ileri aras\u0131ndaki merkezi fig\u00fcr Ralf Wohlleben de\u011fil, \u201eBlood &amp; Honour\u201c Saksonya \u015fubesiydi ve Zsch\u00e4pe, B\u00f6hnhardt ve Mundlos\u2019un NSU cinayetleriyle sonu\u00e7lanan radikalle\u015fmesine sebep olan ve NSU\u2019ya bu cinayetlerde kullan\u0131lan silahlar\u0131 tedarik eden de onlard\u0131. Bu olaylar\u0131n kan\u0131tlanmas\u0131yla ilgili olarak \u201eB&amp;H\u201c Saksonya\u2019dan t\u00fcm \u00f6nemli ki\u015filerin yan\u0131s\u0131ra \u201eB&amp;H\u201c Th\u00fcringen ve Almanya\u2019n\u0131n o zamanlarki liderleri de ifade vermek \u00fczere \u00e7a\u011fr\u0131lmal\u0131yd\u0131.<\/p>\n<p>Bu delil talepleri savunma avukatlar\u0131 Heer ve Stahl\u2019\u0131n y\u00fcz ifadelerinden de anla\u015f\u0131ld\u0131\u011f\u0131 \u00fczere Zsch\u00e4pe\u2019nin savunmas\u0131ndan tamamen bir uzakla\u015fma anlam\u0131na geliyordu.<br \/>\n\u0130lgin\u00e7 olan Wohlleben\u2019in savunmas\u0131n\u0131n bug\u00fcn gelmeleri i\u00e7in dilek\u00e7e verdi\u011fi tan\u0131klar\u0131n, tam da mahkemenin m\u00fcdahil davac\u0131lar\u0131n dilek\u00e7eleri \u00fczerine ge\u00e7en haftalarda yak\u0131ndan ilgilendikleri \u00e7evreden olmalar\u0131yd\u0131. Bu bilindi\u011fi \u00fczere sadece Federal Ba\u015fsavc\u0131l\u0131k ve Zsch\u00e4pe\u2019nin savunmas\u0131 taraf\u0131ndan de\u011fil Wohlleben\u2019in savunmas\u0131 taraf\u0131ndan da ele\u015ftirilmi\u015fti. Ge\u00e7ti\u011fimiz haftalarda davan\u0131n yava\u015flamas\u0131na neden olacaklar\u0131 nedeniyle s\u00fcrekli su\u00e7lanan m\u00fcdahil davac\u0131lar\u0131n do\u011fru y\u00f6nde olduklar\u0131 bu a\u00e7\u0131dan do\u011fruland\u0131. Kimi dilek\u00e7elerin i\u015fin i\u00e7 y\u00fcz\u00fcn\u00fc bilen ki\u015filerin verdi\u011fi bilgilerle gerek\u00e7elendirilmesi de ilgin\u00e7ti, \u00f6rne\u011fin \u201eB&amp;H\u201c Saksonya\u2019n\u0131n \u00e7\u00f6z\u00fclme toplant\u0131s\u0131nda B\u00f6hnhardt ve Mundlos\u2019un haz\u0131r bulunduklar\u0131 bilgisi bunlardan biriydi.<\/p>\n<p>Ayn\u0131 zamanda Wohlleben\u2019in savunmas\u0131n\u0131n m\u00fcvekkillerini (B&amp;H Saksonya ile kar\u015f\u0131la\u015ft\u0131r\u0131ld\u0131\u011f\u0131nda) nispeten zarars\u0131z ve olaylardan habersiz ve bununla birlikte nihayetinde su\u00e7suz olarak g\u00f6sterme \u00e7abas\u0131n\u0131n sonu\u00e7 vermesi ihtimal d\u0131\u015f\u0131yd\u0131. \u00c7\u00fcnk\u00fc hem tarafs\u0131z deliller hem de m\u00fc\u015fterek daval\u0131 Schultze\u2019nin ifadesi Schultze ve Wohlleben\u2019in \u201e\u00fc\u00e7l\u00fcye\u201c (politik suikastlar haricinde hi\u00e7bir kullan\u0131m amac\u0131 olmayan) susturuculu bir ate\u015fli silah tedarik ettiklerini net \u015fekilde ortaya koyuyordu.<br \/>\nWohllleben\u2019in savunmas\u0131 g\u00f6r\u00fcnen o ki yenilenen tutuklama talebinin reddedilmesini do\u011fru \u015fekilde yorumlad\u0131: M\u00fcvekkilleri y\u0131llar s\u00fcrecek olan bir tutukluluk cezas tehditi alt\u0131ndayd\u0131, \u00e7\u00fcnk\u00fc susturuculu Ceska 83\u2019\u00fc tedarik etti\u011fi kan\u0131tlanm\u0131\u015ft\u0131, \u00e7\u00fcnk\u00fc Zsch\u00e4pe, B\u00f6hnhardt ve Mundlos ile \u201ehalk \u00f6l\u00fcm\u00fc\u201c kampanyas\u0131n\u0131 y\u00fcr\u00fctm\u00fc\u015f olan ve Uwe B\u00f6hnhardt\u2019\u0131n y\u00fcksek derecede agresif \u015fiddet e\u011filimlerini bilen Wohlleben kime bir cinayet silah\u0131 verdi\u011fini tam olarak biliyordu. Delil tespiti dilek\u00e7eleri \u015fimdi Chemnitz\u2019deki destek\u00e7ilere y\u00f6nelik ele ge\u00e7en yeni bilgileri t\u00fcm sorumlulu\u011fu onlara y\u00fckleyecek \u015fekilde kullan\u0131lmaya \u00e7al\u0131\u015f\u0131l\u0131yordu. B\u00f6hnhardt ve Mundlos\u2019un ortadan kaybolmalar\u0131ndan \u00f6nce, Wohlleben ile politik ve arkada\u015f\u00e7a yak\u0131n olduklar\u0131 bir zamanda Chemnitzli Blood and Honour yap\u0131s\u0131 \u00fczerinden bomba imalat\u0131 i\u00e7in TNT sa\u011flamalar\u0131, daha o zamanda bir bomba at\u00f6lyeleri olmas\u0131, yani hem patlay\u0131c\u0131 bomba sald\u0131r\u0131lar\u0131 ger\u00e7ekle\u015ftirilmesine y\u00f6nelik istekleri hem de B&amp;H ile politik olarak \u00f6rt\u00fc\u015fmelerinin o zamanda mevcut oldu\u011funu savunma kasten g\u00f6rmezden geliyordu. Wohlleben\u2019in 1998 y\u0131l\u0131ndan 2000\u2019lerin ba\u015f\u0131na kadr B&amp;H Saksonya ile bir ba\u011flant\u0131s\u0131 olmamas\u0131 Jena\u2019daki bombalardan dolay\u0131 ona kar\u015f\u0131 da soru\u015fturma y\u00fcr\u00fct\u00fclm\u00fc\u015f olmas\u0131 ve \u00fc\u00e7l\u00fcn\u00fcn merkezi destek\u00e7isi olarak kendini bu y\u00fczden arka planda tutmas\u0131 nedeniyle olmal\u0131yd\u0131.<\/p>\n","protected":false},"excerpt":{"rendered":"<p>Eski muhbir Carsten Szczepanski\u2019nin sorgusunun devam\u0131. Ve: Cephe par\u00e7alan\u0131yor. Wohlleben\u2019in savunmas\u0131n\u0131n delil tespiti talepleri Bug\u00fcn ilk olarak K\u00f6ln Keupstra\u00dfe\u2019deki \u00e7ivili bomban\u0131n etkisini ara\u015ft\u0131rm\u0131\u015f olan bomba soru\u015fturmac\u0131lar\u0131n\u0131n sorgular\u0131 sonland\u0131r\u0131ld\u0131. Ard\u0131ndan eski muhbir Carsten Szczepanski\u2019nin sorgusuna devam edildi. (Sorgusunun ba\u015flang\u0131c\u0131 i\u00e7in 03.12.2014 tarihli blog metnine bak\u0131n\u0131z.) Sorgu beklendi\u011fi \u00fczere zorlu ve a\u011f\u0131r ge\u00e7ti; tan\u0131\u011f\u0131n eski yolda\u015flar\u0131, isimler [&hellip;]<\/p>\n","protected":false},"author":1,"featured_media":0,"comment_status":"closed","ping_status":"closed","sticky":false,"template":"","format":"standard","meta":{"_s2mail":"yes","footnotes":""},"categories":[1],"tags":[],"class_list":["post-788","post","type-post","status-publish","format-standard","hentry","category-allgemein"],"_links":{"self":[{"href":"https:\/\/www.nsu-nebenklage.de\/tr\/wp-json\/wp\/v2\/posts\/788","targetHints":{"allow":["GET"]}}],"collection":[{"href":"https:\/\/www.nsu-nebenklage.de\/tr\/wp-json\/wp\/v2\/posts"}],"about":[{"href":"https:\/\/www.nsu-nebenklage.de\/tr\/wp-json\/wp\/v2\/types\/post"}],"author":[{"embeddable":true,"href":"https:\/\/www.nsu-nebenklage.de\/tr\/wp-json\/wp\/v2\/users\/1"}],"replies":[{"embeddable":true,"href":"https:\/\/www.nsu-nebenklage.de\/tr\/wp-json\/wp\/v2\/comments?post=788"}],"version-history":[{"count":0,"href":"https:\/\/www.nsu-nebenklage.de\/tr\/wp-json\/wp\/v2\/posts\/788\/revisions"}],"wp:attachment":[{"href":"https:\/\/www.nsu-nebenklage.de\/tr\/wp-json\/wp\/v2\/media?parent=788"}],"wp:term":[{"taxonomy":"category","embeddable":true,"href":"https:\/\/www.nsu-nebenklage.de\/tr\/wp-json\/wp\/v2\/categories?post=788"},{"taxonomy":"post_tag","embeddable":true,"href":"https:\/\/www.nsu-nebenklage.de\/tr\/wp-json\/wp\/v2\/tags?post=788"}],"curies":[{"name":"wp","href":"https:\/\/api.w.org\/{rel}","templated":true}]}}