{"id":798,"date":"2015-01-27T23:07:08","date_gmt":"2015-01-27T22:07:08","guid":{"rendered":"http:\/\/www.nsu-nebenklage.de\/tr\/?p=798"},"modified":"2015-01-28T18:12:19","modified_gmt":"2015-01-28T17:12:19","slug":"27-01-2015","status":"publish","type":"post","link":"https:\/\/www.nsu-nebenklage.de\/tr\/2015\/01\/27\/27-01-2015\/","title":{"rendered":"27.01.2015"},"content":{"rendered":"<h4>Keupstra\u00dfe&#8217;deki \u00e7ivili bomba sald\u0131r\u0131s\u0131n\u0131n ma\u011fdurlar\u0131: Korku ve ac\u0131 nas\u0131l kan\u0131tlan\u0131r?<\/h4>\n<p>Bug\u00fcn bomban\u0131n patlad\u0131\u011f\u0131 s\u0131rada etki alan\u0131 i\u00e7erisinde olan, ama \u00f6nemli fiziksel hasara u\u011framayan kimi tan\u0131klar ifade verdi. Bu tan\u0131klar\u0131n anlatt\u0131klar\u0131 do\u011fal olarak ge\u00e7ti\u011fimiz haftan\u0131n a\u011f\u0131r yaral\u0131lar\u0131na g\u00f6re daha az sansasyoneldi. Bu durum maalesef heyet ba\u015fkan\u0131 hakim G\u00f6tzl&#8217;\u00fcn soru program\u0131n\u0131 sab\u0131rs\u0131z, zorlay\u0131c\u0131 ve ac\u0131mas\u0131z \u015fekilde uygulamas\u0131na neden oldu. Bu tan\u0131klar bir cinayet te\u015febb\u00fcs\u00fcn\u00fcn ma\u011fdurlar\u0131 olarak k\u0131smen m\u00fcdahil davac\u0131 olsalar da, mahkeme bu ma\u011fdurlar\u0131n tarif edilmesi g\u00fc\u00e7 korkular\u0131n\u0131 ve psikolojik problemlerini anlamakta ve bunlar\u0131 yeterince ciddiye almakta zorland\u0131.<\/p>\n<p>Tan\u0131klar\u0131n \u00e7ok benzer hissiyatlar\u0131 \u00e7ok farkl\u0131 \u015fekillerde anlatmalar\u0131 \u00e7ok ilgin\u00e7ti. Hepsi bombay\u0131 duymu\u015f, hissetmi\u015f, k\u0131smen duyma sorunlar\u0131 ya\u015fam\u0131\u015ft\u0131 ve \u00f6zellikle 100 metre uzaktaki bir d\u00fckkan\u0131 bile vuran \u00e7iviler sonucunda ya\u015fad\u0131klar\u0131 korkular\u0131 anlatt\u0131lar.<\/p>\n<p>Neredeyse kimse kendi iste\u011fiyle doktorlara veya terapistlere ba\u015fvurmad\u0131, hatta kimileri hi\u00e7 ba\u015fvurmad\u0131lar. Bunun nedeni k\u0131smen problemlerini kabullenmek istememeleri, k\u0131smense tan\u0131mlayamad\u0131klar\u0131 korkular\u0131yd\u0131. Bug\u00fcnk\u00fc bak\u0131\u015f a\u00e7\u0131s\u0131ndan o zamanlar ma\u011fdurlara psikososyal yard\u0131m sunulmad\u0131\u011f\u0131, kimsenin Keupstra\u00dfe sakinlerine b\u00f6ylesi bir yard\u0131m\u0131n gereklili\u011fini a\u00e7\u0131klamam\u0131\u015f oldu\u011fu anla\u015f\u0131ld\u0131.<\/p>\n<p>Herkes g\u00f6revli polis memurlar\u0131n\u0131n kendilerine &#8220;su\u00e7lu&#8221; gibi davrand\u0131\u011f\u0131n\u0131, s\u00fcrekli olas\u0131 &#8220;mafya&#8221;, PKK veya Hizbullah ba\u011flant\u0131lar\u0131 hakk\u0131nda kendilerine soru soruldu\u011funu, oysa ki bu bombal\u0131 sald\u0131r\u0131n\u0131n sadece \u0131rk\u00e7\u0131lar veya Naziler taraf\u0131ndan ger\u00e7ekle\u015ftirilmi\u015f olabilece\u011fini a\u00e7\u0131k \u015fekilde belirtmi\u015f olduklar\u0131n\u0131 anlatt\u0131lar. Tan\u0131klardan biri bir polis memurunun ona parma\u011f\u0131n\u0131 a\u011fz\u0131na g\u00f6t\u00fcrerek &#8220;\u015e\u015f\u015f&#8221; dedi\u011fini ve Nazi ve \u0131rk\u00e7\u0131lar hakk\u0131nda daha fazla \u015fey anlatmamas\u0131n\u0131 istedi\u011fini anlatt\u0131.<\/p>\n<p>B\u00f6hnhardt&#8217;\u0131n \u00fczerinde bomba olan bisikletini nas\u0131l dikkatlice Keupstra\u00dfe y\u00f6n\u00fcnde s\u00fcr\u00fckledi\u011fini g\u00f6ren bir tan\u0131k, kendisine Viva binas\u0131n\u0131n g\u00f6zetleme kamerar\u0131ndan k\u00f6t\u00fc kalitede bir resmin g\u00f6sterildi\u011fini anlatt\u0131. Ama ona Nazi camias\u0131ndan Alman ter\u00f6r su\u00e7lular\u0131n\u0131n resimleri g\u00f6sterilmemi\u015fti. Yeralt\u0131ndaki bilinen Nazilerin foto\u011fraflar\u0131n\u0131n g\u00f6sterilmesiyle t\u00fcm NSU daha o zamanda ortaya \u00e7\u0131kar\u0131labilirdi.<\/p>\n<p>Motoruyla yolda olan ve \u00e7ok h\u0131zl\u0131 s\u00fcrmekte olan bir bisikletlinin neredeyse kendisine \u00e7arpt\u0131\u011f\u0131n\u0131 s\u00f6yleyen ba\u015fka bir tan\u0131k olay\u0131n ak\u015fam\u0131nda polise haber verdi\u011fi ve Viva resimlerinin bu bisikletli ile olan ba\u011flant\u0131s\u0131n\u0131 kurdu\u011fu halde neden bu konu hakk\u0131nda hi\u00e7 sorgulanmad\u0131\u011f\u0131na \u015fa\u015f\u0131rd\u0131\u011f\u0131n\u0131 s\u00f6yledi. Tan\u0131k polisin yaral\u0131lara nas\u0131l davrand\u0131\u011f\u0131 hakk\u0131ndaki izlenimlerini ayr\u0131nt\u0131l\u0131 \u015fekilde anlatt\u0131. \u00dcst\u00fc k\u0131smen kana bulanm\u0131\u015f olan bir yaral\u0131 ona &#8220;bu normal de\u011fil, su\u00e7u \u00fcst\u00fcm\u00fcze at\u0131yorlar.&#8221; demi\u015fti.<\/p>\n","protected":false},"excerpt":{"rendered":"<p>Keupstra\u00dfe&#8217;deki \u00e7ivili bomba sald\u0131r\u0131s\u0131n\u0131n ma\u011fdurlar\u0131: Korku ve ac\u0131 nas\u0131l kan\u0131tlan\u0131r? Bug\u00fcn bomban\u0131n patlad\u0131\u011f\u0131 s\u0131rada etki alan\u0131 i\u00e7erisinde olan, ama \u00f6nemli fiziksel hasara u\u011framayan kimi tan\u0131klar ifade verdi. Bu tan\u0131klar\u0131n anlatt\u0131klar\u0131 do\u011fal olarak ge\u00e7ti\u011fimiz haftan\u0131n a\u011f\u0131r yaral\u0131lar\u0131na g\u00f6re daha az sansasyoneldi. Bu durum maalesef heyet ba\u015fkan\u0131 hakim G\u00f6tzl&#8217;\u00fcn soru program\u0131n\u0131 sab\u0131rs\u0131z, zorlay\u0131c\u0131 ve ac\u0131mas\u0131z \u015fekilde uygulamas\u0131na [&hellip;]<\/p>\n","protected":false},"author":1,"featured_media":0,"comment_status":"closed","ping_status":"closed","sticky":false,"template":"","format":"standard","meta":{"_s2mail":"yes","footnotes":""},"categories":[1],"tags":[],"class_list":["post-798","post","type-post","status-publish","format-standard","hentry","category-allgemein"],"_links":{"self":[{"href":"https:\/\/www.nsu-nebenklage.de\/tr\/wp-json\/wp\/v2\/posts\/798","targetHints":{"allow":["GET"]}}],"collection":[{"href":"https:\/\/www.nsu-nebenklage.de\/tr\/wp-json\/wp\/v2\/posts"}],"about":[{"href":"https:\/\/www.nsu-nebenklage.de\/tr\/wp-json\/wp\/v2\/types\/post"}],"author":[{"embeddable":true,"href":"https:\/\/www.nsu-nebenklage.de\/tr\/wp-json\/wp\/v2\/users\/1"}],"replies":[{"embeddable":true,"href":"https:\/\/www.nsu-nebenklage.de\/tr\/wp-json\/wp\/v2\/comments?post=798"}],"version-history":[{"count":0,"href":"https:\/\/www.nsu-nebenklage.de\/tr\/wp-json\/wp\/v2\/posts\/798\/revisions"}],"wp:attachment":[{"href":"https:\/\/www.nsu-nebenklage.de\/tr\/wp-json\/wp\/v2\/media?parent=798"}],"wp:term":[{"taxonomy":"category","embeddable":true,"href":"https:\/\/www.nsu-nebenklage.de\/tr\/wp-json\/wp\/v2\/categories?post=798"},{"taxonomy":"post_tag","embeddable":true,"href":"https:\/\/www.nsu-nebenklage.de\/tr\/wp-json\/wp\/v2\/tags?post=798"}],"curies":[{"name":"wp","href":"https:\/\/api.w.org\/{rel}","templated":true}]}}