{"id":824,"date":"2015-02-24T19:46:00","date_gmt":"2015-02-24T18:46:00","guid":{"rendered":"http:\/\/www.nsu-nebenklage.de\/tr\/?p=824"},"modified":"2015-02-24T19:46:00","modified_gmt":"2015-02-24T18:46:00","slug":"24-02-2015","status":"publish","type":"post","link":"https:\/\/www.nsu-nebenklage.de\/tr\/2015\/02\/24\/24-02-2015\/","title":{"rendered":"24.02.2015"},"content":{"rendered":"<h4>Zwickau&#8217;daki g\u00fcnl\u00fck ya\u015fam hakk\u0131nda<\/h4>\n<p>Bug\u00fcnk\u00fc duru\u015fma Beate Zsch\u00e4pe&#8217;nin hastal\u0131\u011f\u0131 nedeniyle hen\u00fcz \u00f6\u011flen saatlerinde sona erdi.<br \/>\nSadece NSU&#8217;nun Zwickau&#8217;daki Polenzstra\u00dfe&#8217;den eski bir kad\u0131n kom\u015fusu, &#8220;Lise&#8221; ve &#8220;Lisa&#8221; olarak tan\u0131d\u0131\u011f\u0131 Beate Zsch\u00e4pe ile olan ileti\u015fiminden bahsetti. Sadece Zsch\u00e4pe ile temas\u0131 olmu\u015ftu, iki adamdan sadece birini onun erkek arkada\u015f\u0131 olarak biliyordu, ama o da s\u0131kl\u0131kla yoktu, &#8220;i\u015fteydi&#8221;.<br \/>\nZsch\u00e4pe ta\u015f\u0131nmas\u0131n\u0131n ard\u0131ndan da Fr\u00fchlingstra\u00dfe&#8217;ye ara s\u0131ra ziyarete geliyordu. Tan\u0131k onu konu\u015fmas\u0131 zevkli biri olarak alg\u0131lam\u0131\u015ft\u0131, onunla sohbet etmek zevkliydi. Ama en \u00e7ok dinliyor ve kendisi hakk\u0131nda az \u015fey anlat\u0131yordu.<\/p>\n<p>Son ziyaretlerinden birinde bir ba\u015fka kad\u0131n kom\u015fuyla para konusunda bir kavga \u00e7\u0131km\u0131\u015ft\u0131, Zsch\u00e4pe \u00e7ok agresifle\u015fmi\u015fti: &#8220;Ona bir tane patlataca\u011f\u0131n\u0131 d\u00fc\u015f\u00fcnd\u00fcm.&#8221; Son ziyaretinde, yani Fr\u00fchlingstra\u00dfe&#8217;deki patlaman\u0131n yakla\u015f\u0131k 14 g\u00fcn \u00f6ncesinde \u00e7ok stresli g\u00f6r\u00fcn\u00fcyordu ve her zamankinden daha fazla i\u00e7ti\u011fi belliydi. Ama her \u015feyin yolunda oldu\u011funu s\u00f6ylemi\u015fti.<br \/>\nBu tan\u0131\u011f\u0131n, s\u00f6yledi\u011fine g\u00f6re Zsch\u00e4pe&#8217;nin di\u011fer kom\u015fular\u0131yla s\u00fcrd\u00fcrd\u00fc\u011f\u00fc Alman g\u00fcnl\u00fck hayat\u0131ndan (bkz.<a title=\"03.02.2014\" href=\"http:\/\/www.nsu-nebenklage.de\/tr\/2014\/02\/03\/03-02-2014\/\" target=\"_blank\"> 03.02.2014<\/a> ve <a title=\"9.-11.12.2013\" href=\"http:\/\/www.nsu-nebenklage.de\/tr\/2013\/12\/11\/9-11-12-2013\/\" target=\"_blank\">9.-11.12.2013<\/a> tarihli bloglar) hi\u00e7 haberi yoktu. Politik g\u00f6r\u00fc\u015fleri hakk\u0131nda bir \u015fey s\u00f6ylemiyorlard\u0131, &#8220;yoksa onunla bir daha konu\u015fmazd\u0131m.&#8221;<\/p>\n<p>Zsch\u00e4pe&#8217;nin savunmas\u0131 tan\u0131\u011fa belli bir \u00e7izgisi olmayan veya anlaml\u0131 sonu\u00e7lar vermeyen bir dizi soru sordu.<\/p>\n","protected":false},"excerpt":{"rendered":"<p>Zwickau&#8217;daki g\u00fcnl\u00fck ya\u015fam hakk\u0131nda Bug\u00fcnk\u00fc duru\u015fma Beate Zsch\u00e4pe&#8217;nin hastal\u0131\u011f\u0131 nedeniyle hen\u00fcz \u00f6\u011flen saatlerinde sona erdi. Sadece NSU&#8217;nun Zwickau&#8217;daki Polenzstra\u00dfe&#8217;den eski bir kad\u0131n kom\u015fusu, &#8220;Lise&#8221; ve &#8220;Lisa&#8221; olarak tan\u0131d\u0131\u011f\u0131 Beate Zsch\u00e4pe ile olan ileti\u015fiminden bahsetti. Sadece Zsch\u00e4pe ile temas\u0131 olmu\u015ftu, iki adamdan sadece birini onun erkek arkada\u015f\u0131 olarak biliyordu, ama o da s\u0131kl\u0131kla yoktu, &#8220;i\u015fteydi&#8221;. Zsch\u00e4pe [&hellip;]<\/p>\n","protected":false},"author":1,"featured_media":0,"comment_status":"closed","ping_status":"closed","sticky":false,"template":"","format":"standard","meta":{"_s2mail":"yes","footnotes":""},"categories":[1],"tags":[],"class_list":["post-824","post","type-post","status-publish","format-standard","hentry","category-allgemein"],"_links":{"self":[{"href":"https:\/\/www.nsu-nebenklage.de\/tr\/wp-json\/wp\/v2\/posts\/824","targetHints":{"allow":["GET"]}}],"collection":[{"href":"https:\/\/www.nsu-nebenklage.de\/tr\/wp-json\/wp\/v2\/posts"}],"about":[{"href":"https:\/\/www.nsu-nebenklage.de\/tr\/wp-json\/wp\/v2\/types\/post"}],"author":[{"embeddable":true,"href":"https:\/\/www.nsu-nebenklage.de\/tr\/wp-json\/wp\/v2\/users\/1"}],"replies":[{"embeddable":true,"href":"https:\/\/www.nsu-nebenklage.de\/tr\/wp-json\/wp\/v2\/comments?post=824"}],"version-history":[{"count":0,"href":"https:\/\/www.nsu-nebenklage.de\/tr\/wp-json\/wp\/v2\/posts\/824\/revisions"}],"wp:attachment":[{"href":"https:\/\/www.nsu-nebenklage.de\/tr\/wp-json\/wp\/v2\/media?parent=824"}],"wp:term":[{"taxonomy":"category","embeddable":true,"href":"https:\/\/www.nsu-nebenklage.de\/tr\/wp-json\/wp\/v2\/categories?post=824"},{"taxonomy":"post_tag","embeddable":true,"href":"https:\/\/www.nsu-nebenklage.de\/tr\/wp-json\/wp\/v2\/tags?post=824"}],"curies":[{"name":"wp","href":"https:\/\/api.w.org\/{rel}","templated":true}]}}