{"id":854,"date":"2015-03-26T23:31:43","date_gmt":"2015-03-26T22:31:43","guid":{"rendered":"http:\/\/www.nsu-nebenklage.de\/tr\/?p=854"},"modified":"2015-03-26T23:31:43","modified_gmt":"2015-03-26T22:31:43","slug":"26-03-2015","status":"publish","type":"post","link":"https:\/\/www.nsu-nebenklage.de\/tr\/2015\/03\/26\/26-03-2015\/","title":{"rendered":"26.03.2015"},"content":{"rendered":"<h4>Keupstra\u00dfe hakk\u0131nda daha fazla bilgi ve Stralsund&#8217;daki banka sald\u0131r\u0131lar\u0131na dair tan\u0131kl\u0131klar\u0131n ba\u015flang\u0131c\u0131<\/h4>\n<p>Paskalya tatilinden \u00f6nceki son g\u00fcn ilk olarak Keupstra\u00dfe&#8217;den bir ba\u015fka ma\u011fdur sorguland\u0131. Di\u011fer iki ma\u011fdur ise hasta veya mazeretliydi.<\/p>\n<p>Bug\u00fcn ifade veren tan\u0131k Keupstra\u00dfe&#8217;deki bir seyahat acentas\u0131n\u0131n sahibiydi. Patlama esnas\u0131nda yaya kald\u0131r\u0131m\u0131nda bir ka\u00e7 metre \u00f6tede duruyordu, \u201csadece\u201d kula\u011f\u0131ndan yaralanm\u0131\u015ft\u0131. Seyahat acentas\u0131nda duran \u00e7ocuklar\u0131 \u00e7ok \u015fansl\u0131yd\u0131. \u00c7ok say\u0131da \u00e7ivi yolda duran bir kamyona isabet etmi\u015fti. Kamyon olmasa bu \u00e7iviler seyahat acentas\u0131na isabet edecekti. Olay\u0131n ekonomik etkileri (m\u00fc\u015fterilerin art\u0131k Keupstra\u00dfe&#8217;ye gelmemeleri) o kadar a\u011f\u0131rd\u0131 ki bir ka\u00e7 y\u0131l sonra acentas\u0131n\u0131 kapatmak zorunda kalm\u0131\u015ft\u0131.<\/p>\n<p>Mahkeme bunun ard\u0131ndan Stralsund&#8217;daki bir Sparkasse&#8217;ye Kas\u0131m 2006 ve Ocak 2007 y\u0131llar\u0131nda yap\u0131lan soygunlar\u0131n tan\u0131klar\u0131n\u0131 dinlemeye ba\u015flad\u0131. Ancak \u00e7a\u011fr\u0131lan tan\u0131klardan bir \u00e7o\u011fu hasta oldu\u011fundan ilk etapta sadece iki banka \u00e7al\u0131\u015fan\u0131 sorgulanabildi.<\/p>\n<p>\u0130lk tan\u0131k art\u0131k t\u00fcm detaylar\u0131 hat\u0131rlam\u0131yordu, bunun d\u0131\u015f\u0131nda iki soygunda da olaya tam olarak m\u00fcdahil olmam\u0131\u015ft\u0131 ve sadece sald\u0131rganlardan biriyle k\u0131saca kar\u015f\u0131 kar\u015f\u0131ya kalm\u0131\u015ft\u0131. Sald\u0131rgan hafif bir aksanla konu\u015fuyordu, (kendisi de duyulur \u015fekilde Mecklenburg-Vorpommern b\u00f6lgesinden olan) banka \u00e7al\u0131\u015fan\u0131 o zaman onun Saksonya\/Saksonya-Anhalt b\u00f6lgesinden oldu\u011funu d\u00fc\u015f\u00fcnm\u00fc\u015f\u00fc. Sald\u0131r\u0131lar\u0131 ard\u0131ndan normal \u015fekilde \u00e7al\u0131\u015fmaya devam etmeyi denemi\u015fti, ama bug\u00fcn hala olay\u0131n psikolojik etkisi alt\u0131ndayd\u0131.<\/p>\n<p>\u0130kinci tan\u0131k da iki soygunda da oradayd\u0131, iki olayda da (tavana) ate\u015f edildi\u011fini duymu\u015ftu. \u0130lgin\u00e7 olan soyguncular\u0131n ikinci olayda do\u011frudan ilk seferde onlara kasa dairesini a\u00e7m\u0131\u015f olan meslekta\u015f\u0131na gitmi\u015f olmalar\u0131yd\u0131. Sald\u0131rganlardan biri paran\u0131n i\u00e7inde bir boya bombas\u0131 varsa onu vuraca\u011f\u0131n\u0131 s\u00f6ylemi\u015fti. Sald\u0131rgan\u0131 tarifi &#8211; yakla\u015f\u0131k 25-30 ya\u015flar\u0131nda, 180-190 cm uzunlu\u011funda, \u00e7ok ince ve uzun, G\u00fcneydo\u011fu Almanya aksanl\u0131 (Magdeburg\/Halle taraf\u0131 olarak tan\u0131mlam\u0131\u015ft\u0131) \u2013 Uwe Mundlos ve Uwe B\u00f6hnhardt ile \u00f6rt\u00fc\u015f\u00fcyordu. \u0130fadesi s\u0131ras\u0131nda bug\u00fcn hala olay\u0131n psikolojik etkisi alt\u0131nda oldu\u011fu belli oluyordu, nihayetinde bu etkiler nedeniye erken emekliye ayr\u0131lm\u0131\u015ft\u0131.<br \/>\n\u0130kilinin \u00e7eyrek milyon euro ele ge\u00e7irdikleri bu iki sald\u0131r\u0131yla ilgili di\u011fer detaylar \u00f6n\u00fcm\u00fczdeki haftalarda ger\u00e7ekle\u015ftirilecek tan\u0131k sorgular\u0131 sonras\u0131nda ortaya \u00e7\u0131kacak.<\/p>\n","protected":false},"excerpt":{"rendered":"<p>Keupstra\u00dfe hakk\u0131nda daha fazla bilgi ve Stralsund&#8217;daki banka sald\u0131r\u0131lar\u0131na dair tan\u0131kl\u0131klar\u0131n ba\u015flang\u0131c\u0131 Paskalya tatilinden \u00f6nceki son g\u00fcn ilk olarak Keupstra\u00dfe&#8217;den bir ba\u015fka ma\u011fdur sorguland\u0131. Di\u011fer iki ma\u011fdur ise hasta veya mazeretliydi. Bug\u00fcn ifade veren tan\u0131k Keupstra\u00dfe&#8217;deki bir seyahat acentas\u0131n\u0131n sahibiydi. Patlama esnas\u0131nda yaya kald\u0131r\u0131m\u0131nda bir ka\u00e7 metre \u00f6tede duruyordu, \u201csadece\u201d kula\u011f\u0131ndan yaralanm\u0131\u015ft\u0131. Seyahat acentas\u0131nda duran [&hellip;]<\/p>\n","protected":false},"author":1,"featured_media":0,"comment_status":"closed","ping_status":"closed","sticky":false,"template":"","format":"standard","meta":{"_s2mail":"yes","footnotes":""},"categories":[1],"tags":[],"class_list":["post-854","post","type-post","status-publish","format-standard","hentry","category-allgemein"],"_links":{"self":[{"href":"https:\/\/www.nsu-nebenklage.de\/tr\/wp-json\/wp\/v2\/posts\/854","targetHints":{"allow":["GET"]}}],"collection":[{"href":"https:\/\/www.nsu-nebenklage.de\/tr\/wp-json\/wp\/v2\/posts"}],"about":[{"href":"https:\/\/www.nsu-nebenklage.de\/tr\/wp-json\/wp\/v2\/types\/post"}],"author":[{"embeddable":true,"href":"https:\/\/www.nsu-nebenklage.de\/tr\/wp-json\/wp\/v2\/users\/1"}],"replies":[{"embeddable":true,"href":"https:\/\/www.nsu-nebenklage.de\/tr\/wp-json\/wp\/v2\/comments?post=854"}],"version-history":[{"count":1,"href":"https:\/\/www.nsu-nebenklage.de\/tr\/wp-json\/wp\/v2\/posts\/854\/revisions"}],"predecessor-version":[{"id":855,"href":"https:\/\/www.nsu-nebenklage.de\/tr\/wp-json\/wp\/v2\/posts\/854\/revisions\/855"}],"wp:attachment":[{"href":"https:\/\/www.nsu-nebenklage.de\/tr\/wp-json\/wp\/v2\/media?parent=854"}],"wp:term":[{"taxonomy":"category","embeddable":true,"href":"https:\/\/www.nsu-nebenklage.de\/tr\/wp-json\/wp\/v2\/categories?post=854"},{"taxonomy":"post_tag","embeddable":true,"href":"https:\/\/www.nsu-nebenklage.de\/tr\/wp-json\/wp\/v2\/tags?post=854"}],"curies":[{"name":"wp","href":"https:\/\/api.w.org\/{rel}","templated":true}]}}