{"id":875,"date":"2015-04-28T22:10:34","date_gmt":"2015-04-28T20:10:34","guid":{"rendered":"http:\/\/www.nsu-nebenklage.de\/tr\/?p=875"},"modified":"2015-04-28T22:12:33","modified_gmt":"2015-04-28T20:12:33","slug":"28-april-2015","status":"publish","type":"post","link":"https:\/\/www.nsu-nebenklage.de\/tr\/2015\/04\/28\/28-april-2015\/","title":{"rendered":"28.04.2015"},"content":{"rendered":"<h4>Yalan ve Masum G\u00f6sterme \u00c7abalar\u0131 XIII \u2013 Bir kez daha \u201eErzgebirge Beyaz Karde\u015fli\u011fi\u201c ve \u201eBlood &amp; Honour\u201c hakk\u0131nda<\/h4>\n<p>Bug\u00fcn\u00fcn ilk tan\u0131\u011f\u0131 eskiden Andr\u00e9 ve Maik Eminger&#8217;in kurucular\u0131 oldu\u011fu \u201eErzgebirge Beyaz Karde\u015fli\u011finin\u201c \u00fcyesi olan Andr\u00e9 K\u00f6. idi. Tan\u0131k art\u0131k sa\u011fc\u0131 olmad\u0131\u011f\u0131n\u0131 iddia ediyor, ama bir yandan da dazlak kafas\u0131nda devasa bir \u201eKan ve Onur\u201c d\u00f6vmesi var. Onun da Erzgebirge Beyaz Karde\u015fli\u011fi ile ilgili detaylar\u0131 hat\u0131rlamak istememesi ve bir yandan polise vermi\u015f oldu\u011fu ifadeleri g\u00f6recele\u015ftirmesi (yabanc\u0131lara kar\u015f\u0131 \u015fiddet tart\u0131\u015fmas\u0131nda \u201eo kadar a\u015f\u0131r\u0131\u201c konu\u015fmam\u0131\u015ft\u0131 vs.) bu durumda \u015fa\u015f\u0131rt\u0131c\u0131 de\u011fil. Yine de o da Andr\u00e9 ve Maik Eminger&#8217;in EBK&#8217;nin kurucular\u0131 ve y\u00f6netici \u00fcyeleri oldu\u011funu do\u011frulad\u0131.<\/p>\n<p>Ard\u0131ndan Almanya Blood &amp; Honour \u201e\u015fubesinin\u201c eski y\u00f6neticisi olan Stephan Lange geldi. Lange, B&amp;H&#8217;yi sadece bir m\u00fczik hareketi olarak g\u00f6stermeye \u00e7al\u0131\u015ft\u0131, hatta Berlin&#8217;de kurulmas\u0131n\u0131n sadece dazlak camias\u0131 i\u00e7erisindeki Hammerskins&#8217;in sald\u0131r\u0131lar\u0131ndan kendilerini korumak amac\u0131yla ger\u00e7ekle\u015fti\u011fini iddia edecek kadar abartt\u0131. Heyet Ba\u015fkan\u0131 Hakim G\u00f6tzl&#8217;\u00fcn buna kesinlikle inanmad\u0131\u011f\u0131n\u0131 belirtip hatta yalan ifade vermenin sonu\u00e7lar\u0131n\u0131 a\u00e7\u0131klamas\u0131na ve kendisine \u201eB&amp;H\u201c yay\u0131nlar\u0131ndan \u00e7e\u015fitli net politik i\u00e7erikler hat\u0131rlatmas\u0131na ra\u011fmen tan\u0131k bu masum g\u00f6sterme takti\u011fine sad\u0131k kald\u0131. Ama daha sonra daha ziyade \u201eCombat 18\u201c taraf\u0131nda olan, yani g\u00f6\u00e7menlere, sa\u011fc\u0131lara vs. kar\u015f\u0131 silahl\u0131 sald\u0131r\u0131da bulunmak isteyen \u201eB&amp;H\u201c \u00fcyeleri bulundu\u011funu s\u00f6yledi, ama detaylar\u0131 hat\u0131rlamak istemedi.<\/p>\n<p>Wohlleben ve Zsch\u00e4pe&#8217;nin savunmalar\u0131 bir kez daha sorguya itirazlarla engel olma takti\u011fini denediler ve bir kez daha \u00e7o\u011fu durumda ba\u015far\u0131s\u0131zl\u0131\u011fa u\u011frad\u0131lar. Zsch\u00e4pe&#8217;nin savunmas\u0131n\u0131n \u201eB&amp;H\u201c ile ilgili sorgular\u0131n temelde dava ile ilgisinin olmad\u0131\u011f\u0131n\u0131 bile iddia etmesi ilgin\u00e7ti. Bu utanmaz tez sadece mahkeme de\u011fil herkes i\u00e7in ak\u0131l almaz bir tez.<\/p>\n","protected":false},"excerpt":{"rendered":"<p>Yalan ve Masum G\u00f6sterme \u00c7abalar\u0131 XIII \u2013 Bir kez daha \u201eErzgebirge Beyaz Karde\u015fli\u011fi\u201c ve \u201eBlood &amp; Honour\u201c hakk\u0131nda Bug\u00fcn\u00fcn ilk tan\u0131\u011f\u0131 eskiden Andr\u00e9 ve Maik Eminger&#8217;in kurucular\u0131 oldu\u011fu \u201eErzgebirge Beyaz Karde\u015fli\u011finin\u201c \u00fcyesi olan Andr\u00e9 K\u00f6. idi. Tan\u0131k art\u0131k sa\u011fc\u0131 olmad\u0131\u011f\u0131n\u0131 iddia ediyor, ama bir yandan da dazlak kafas\u0131nda devasa bir \u201eKan ve Onur\u201c d\u00f6vmesi var. [&hellip;]<\/p>\n","protected":false},"author":1,"featured_media":0,"comment_status":"closed","ping_status":"closed","sticky":false,"template":"","format":"standard","meta":{"_s2mail":"yes","footnotes":""},"categories":[1],"tags":[],"class_list":["post-875","post","type-post","status-publish","format-standard","hentry","category-allgemein"],"_links":{"self":[{"href":"https:\/\/www.nsu-nebenklage.de\/tr\/wp-json\/wp\/v2\/posts\/875","targetHints":{"allow":["GET"]}}],"collection":[{"href":"https:\/\/www.nsu-nebenklage.de\/tr\/wp-json\/wp\/v2\/posts"}],"about":[{"href":"https:\/\/www.nsu-nebenklage.de\/tr\/wp-json\/wp\/v2\/types\/post"}],"author":[{"embeddable":true,"href":"https:\/\/www.nsu-nebenklage.de\/tr\/wp-json\/wp\/v2\/users\/1"}],"replies":[{"embeddable":true,"href":"https:\/\/www.nsu-nebenklage.de\/tr\/wp-json\/wp\/v2\/comments?post=875"}],"version-history":[{"count":2,"href":"https:\/\/www.nsu-nebenklage.de\/tr\/wp-json\/wp\/v2\/posts\/875\/revisions"}],"predecessor-version":[{"id":877,"href":"https:\/\/www.nsu-nebenklage.de\/tr\/wp-json\/wp\/v2\/posts\/875\/revisions\/877"}],"wp:attachment":[{"href":"https:\/\/www.nsu-nebenklage.de\/tr\/wp-json\/wp\/v2\/media?parent=875"}],"wp:term":[{"taxonomy":"category","embeddable":true,"href":"https:\/\/www.nsu-nebenklage.de\/tr\/wp-json\/wp\/v2\/categories?post=875"},{"taxonomy":"post_tag","embeddable":true,"href":"https:\/\/www.nsu-nebenklage.de\/tr\/wp-json\/wp\/v2\/tags?post=875"}],"curies":[{"name":"wp","href":"https:\/\/api.w.org\/{rel}","templated":true}]}}