{"id":882,"date":"2015-05-11T23:55:54","date_gmt":"2015-05-11T21:55:54","guid":{"rendered":"http:\/\/www.nsu-nebenklage.de\/tr\/?p=882"},"modified":"2015-05-12T15:44:40","modified_gmt":"2015-05-12T13:44:40","slug":"11-05-2015","status":"publish","type":"post","link":"https:\/\/www.nsu-nebenklage.de\/tr\/2015\/05\/11\/11-05-2015\/","title":{"rendered":"11.05.2015"},"content":{"rendered":"<h4>NSU&#8217;nun soygunlar\u0131<\/h4>\n<p>Mahkeme bu hafta \u00f6ncelikle NSU&#8217;nun i\u015fledi\u011fi toplam 15 soygundan baz\u0131lar\u0131yla ilgilendi.<br \/>\nBug\u00fcn ilk olarak bu eylemlerden ilkinin, 18.12.1998&#8217;de Chemnitz&#8217;deki bir Edeka marketine yap\u0131lan soygun sald\u0131r\u0131s\u0131n\u0131n tan\u0131klar\u0131 sorguland\u0131. Anlat\u0131lanlara g\u00f6re soyguncular ba\u015f kasiyerin elinden g\u00fcnl\u00fck kazanc\u0131 alarak yaya olarak olay yerinden ka\u00e7m\u0131\u015flard\u0131. Bir gen\u00e7 onlar\u0131 takip etmi\u015fti, ona \u00fc\u00e7 kez ate\u015f etmi\u015flerdi. Kullan\u0131lan cephane 2011&#8217;de Zwickau Fr\u00fchlingstra\u00dfe&#8217;de bulunanla uyu\u015fuyor. Ancak bu cephanenin kullan\u0131ld\u0131\u011f\u0131 silah \u015fu ana kadar bulunamad\u0131. Su\u00e7lular\u0131 takip eden gen\u00e7 hen\u00fcz k\u0131sa s\u00fcre \u00f6nce bulundu ve \u00f6n\u00fcm\u00fczdeki haftalardan birinde mutlaka ifade vermek \u00fczere \u00e7a\u011fr\u0131lacak.<\/p>\n<p>Tan\u0131klarda biri d\u00fckkan\u0131n d\u0131\u015f duvar\u0131ndaki mermi deliklerini tarif etti: Bunlardan en az\u0131ndan biri yakla\u015f\u0131k 1,60 metre y\u00fcksekli\u011findeydi, yani yakla\u015f\u0131k olarak takip\u00e7inin boyunda. B\u00f6hnhhardt ve Mundlos&#8217;un ortadan kaybolmalar\u0131n\u0131n daha ilk y\u0131l\u0131nda \u00e7ekinmeden ate\u015fli silah kullanmalar\u0131 ve bunu \u201esadece\u201c para ele ge\u00e7irme ama\u00e7l\u0131 bir soygun \u00e7er\u00e7evesinde yapmalar\u0131 en ba\u015f\u0131ndan bu yana insanlar\u0131n \u00f6l\u00fcm\u00fcn\u00fc g\u00f6ze ald\u0131klar\u0131n\u0131 g\u00f6steriyor.<\/p>\n<p>Olay ayr\u0131ca bunun \u00fc\u00e7l\u00fcn\u00fcn destek\u00e7ilerinin hepsi taraf\u0131ndan bilindi\u011fini de g\u00f6steriyor: \u00dc\u00e7l\u00fc Chemnitz&#8217;de ya\u015f\u0131yordu, vah\u015fi sald\u0131r\u0131 \u015fehirde konu\u015fulan bir konuydu, hayati tehlike ta\u015f\u0131yan silah kullan\u0131mlar\u0131 her yerde biliniyordu. B\u00f6hnhardt ve Mundlos soygunu saklam\u0131yordu, camiada art\u0131k ba\u011f\u0131\u015fa ihtiya\u00e7lar\u0131 olmad\u0131\u011f\u0131, \u201ege\u00e7ici i\u015flerde \u00e7al\u0131\u015ft\u0131klar\u0131\u201c anlat\u0131l\u0131yordu, soygunla ilgili bilgi veren muhbirler oluyordu. Yani bu soygundan itibaren Chemnitz&#8217;deki herkes B\u00f6hnhardt ve Mundlos&#8217;un hedeflerine ula\u015fmak i\u00e7in \u00f6ld\u00fcrmeye haz\u0131r olduklar\u0131n\u0131 biliyordu.<\/p>\n<p>Daha sonra, 30.11.2000 tarihinde Chemnitz&#8217;deki bir posta \u015fubesinde ger\u00e7ekle\u015ftirilen soygun ile ilgili olarak \u00f6ncelikle Zwickau&#8217;daki NSU dairesinde el konulan delilleri incelemi\u015f olan bir polis memuru ifade verdi. Burada da giysi par\u00e7alar\u0131 ve soygunda kullan\u0131lan silahla \u00e7ok say\u0131da uyu\u015fma ortaya \u00e7\u0131km\u0131\u015ft\u0131. Ayr\u0131ca olay\u0131n ger\u00e7ekle\u015fti\u011fi zaman aral\u0131\u011f\u0131 i\u00e7in Andr\u00e9 Eminger ad\u0131na bir karavan kiralanm\u0131\u015ft\u0131 ki su\u00e7lamalara g\u00f6re bunu yapan Eminger&#8217;in kendisiydi.<\/p>\n<p>M\u00fcdahil davac\u0131lar \u201elidersiz direni\u015f\u201cin \u201eBlood &amp; Honour\u201c dergisinde anlat\u0131lan teorik ve ideolojik temelleri ile ilgili bir delil tespiti dilek\u00e7esi verdi. Jena&#8217;daki yolda\u015flar taraf\u0131ndan kiralanm\u0131\u015f olan ve 1998 y\u0131l\u0131nda borulu bombalar\u0131n da bulundu\u011fu garajda bir nevi gazete ar\u015fivi bulunuyordu. Bunlar aras\u0131nda \u201eBlood &amp; Honour\u201c\u0131n i\u00e7erisinde b\u00f6yle tart\u0131\u015fmalar\u0131n y\u00fcr\u00fct\u00fcld\u00fc\u011f\u00fc 1996 tarihli bir say\u0131s\u0131 da vard\u0131.<\/p>\n","protected":false},"excerpt":{"rendered":"<p>NSU&#8217;nun soygunlar\u0131 Mahkeme bu hafta \u00f6ncelikle NSU&#8217;nun i\u015fledi\u011fi toplam 15 soygundan baz\u0131lar\u0131yla ilgilendi. Bug\u00fcn ilk olarak bu eylemlerden ilkinin, 18.12.1998&#8217;de Chemnitz&#8217;deki bir Edeka marketine yap\u0131lan soygun sald\u0131r\u0131s\u0131n\u0131n tan\u0131klar\u0131 sorguland\u0131. Anlat\u0131lanlara g\u00f6re soyguncular ba\u015f kasiyerin elinden g\u00fcnl\u00fck kazanc\u0131 alarak yaya olarak olay yerinden ka\u00e7m\u0131\u015flard\u0131. Bir gen\u00e7 onlar\u0131 takip etmi\u015fti, ona \u00fc\u00e7 kez ate\u015f etmi\u015flerdi. Kullan\u0131lan cephane [&hellip;]<\/p>\n","protected":false},"author":1,"featured_media":0,"comment_status":"closed","ping_status":"closed","sticky":false,"template":"","format":"standard","meta":{"_s2mail":"yes","footnotes":""},"categories":[1],"tags":[],"class_list":["post-882","post","type-post","status-publish","format-standard","hentry","category-allgemein"],"_links":{"self":[{"href":"https:\/\/www.nsu-nebenklage.de\/tr\/wp-json\/wp\/v2\/posts\/882","targetHints":{"allow":["GET"]}}],"collection":[{"href":"https:\/\/www.nsu-nebenklage.de\/tr\/wp-json\/wp\/v2\/posts"}],"about":[{"href":"https:\/\/www.nsu-nebenklage.de\/tr\/wp-json\/wp\/v2\/types\/post"}],"author":[{"embeddable":true,"href":"https:\/\/www.nsu-nebenklage.de\/tr\/wp-json\/wp\/v2\/users\/1"}],"replies":[{"embeddable":true,"href":"https:\/\/www.nsu-nebenklage.de\/tr\/wp-json\/wp\/v2\/comments?post=882"}],"version-history":[{"count":1,"href":"https:\/\/www.nsu-nebenklage.de\/tr\/wp-json\/wp\/v2\/posts\/882\/revisions"}],"predecessor-version":[{"id":883,"href":"https:\/\/www.nsu-nebenklage.de\/tr\/wp-json\/wp\/v2\/posts\/882\/revisions\/883"}],"wp:attachment":[{"href":"https:\/\/www.nsu-nebenklage.de\/tr\/wp-json\/wp\/v2\/media?parent=882"}],"wp:term":[{"taxonomy":"category","embeddable":true,"href":"https:\/\/www.nsu-nebenklage.de\/tr\/wp-json\/wp\/v2\/categories?post=882"},{"taxonomy":"post_tag","embeddable":true,"href":"https:\/\/www.nsu-nebenklage.de\/tr\/wp-json\/wp\/v2\/tags?post=882"}],"curies":[{"name":"wp","href":"https:\/\/api.w.org\/{rel}","templated":true}]}}