{"id":886,"date":"2015-05-13T23:55:09","date_gmt":"2015-05-13T21:55:09","guid":{"rendered":"http:\/\/www.nsu-nebenklage.de\/tr\/?p=886"},"modified":"2015-05-15T16:03:15","modified_gmt":"2015-05-15T14:03:15","slug":"13-05-2015","status":"publish","type":"post","link":"https:\/\/www.nsu-nebenklage.de\/tr\/2015\/05\/13\/13-05-2015\/","title":{"rendered":"13.05.2015"},"content":{"rendered":"<h4>Bir kez daha soygunlar ve NS \u00e7evrelerinde \u201egeleneklerin korunmas\u0131\u201c<\/h4>\n<p>Bug\u00fcn\u00fcnilk tan\u0131\u011f\u0131 23.09.2003&#8217;te Uwe B\u00f6hnhardt ve Uwe Mundlos taraf\u0131ndan sald\u0131r\u0131ya u\u011frayan Zwickau&#8217;daki bir Sparkasse&#8217;nin \u00e7ok cesur bir kad\u0131n \u00e7al\u0131\u015fan\u0131yd\u0131. \u0130kiliden biri silah\u0131n\u0131 suratuna vurup di\u011ferine \u201eonu vuray\u0131m m\u0131?\u201c diye sormas\u0131na ra\u011fmen ikilinin kasa dairesine girmesine izin vermemi\u015fti. Bir ba\u015fka kad\u0131n meslekta\u015f\u0131 olaylar\u0131n ak\u0131\u015f\u0131n\u0131 do\u011frulad\u0131, \u015fu\u00e7lular ona da \u015fiddet uygulay\u0131p para vermesini istemi\u015flerdi, ama k\u0131sa s\u00fcre sonra ka\u00e7abilmi\u015fti.<\/p>\n<p>\u0130ki soyguncu yakla\u015f\u0131k 500 avro ele ge\u00e7irebilmi\u015fti. \u0130ddianameye g\u00f6re olay yerinden ka\u00e7mak i\u00e7in (di\u011fer soygunlar ve cinayetlerde oldu\u011fu gibi) yine bisikletlerini ve bir karavan\u0131 kullanm\u0131\u015flard\u0131.<br \/>\nBir polis memuru 4.11.2011&#8217;den sonraki soru\u015fturmalarla ilgili bilgi verdi: Fr\u00fchlingsstra\u00dfe&#8217;deki NSU dairesinde bulunan silah ve giysi par\u00e7alar\u0131 g\u00fcvenlik kameras\u0131ndakilerle uyu\u015fuyordu. Bunun d\u0131\u015f\u0131nda banka \u015fubesindeki ayak izlerine uyan ayakkab\u0131lar ve \u00fczerinde \u015fubenin i\u015faretlenmi\u015f oldu\u011fu bir \u015fehir haritas\u0131 da bulunmu\u015ftu. Karavan Andr\u00e9 Eminger ad\u0131na ve iddianamaye g\u00f6re Eminger&#8217;in kendisi taraf\u0131ndan kiralanm\u0131\u015ft\u0131.<\/p>\n<p>Son tan\u0131k, uzun y\u0131llar Nazi aktivisti olan ve \u015fu anda NPD &#8216;nin Baden-W\u00fcrttemberg Eyaleti Y\u00f6netim Kurulunda olan Edda Schmidt idi. Schmidt Th\u00fcringen&#8217;de 2000 y\u0131l\u0131nda ger\u00e7ekle\u015fen bir NPD e\u011fitim etkinli\u011finde konu\u015fmac\u0131yd\u0131. Tino Brandt da Andr\u00e9 Kapke&#8217;nin erkek karde\u015fi de farkl\u0131 \u015fekillerde, etkinlik s\u00fcrerken \u201eBlood &amp; Honour\u201c Saksonya&#8217;dan bir yolda\u015f\u0131n \u00fc\u00e7l\u00fcn\u00fcn iyi oldu\u011fu haberini vermi\u015f oldu\u011funu anlatm\u0131\u015flard\u0131. Kapke, konu\u015fmay\u0131 Edda Schmidt&#8217;in d\u00fczenlemi\u015f oldu\u011fun ifade etmi\u015fti.<\/p>\n<p>Schmidt bug\u00fcn b\u00f6yle bir konu\u015fman\u0131n asla ger\u00e7ekle\u015fmemi\u015f oldu\u011funu iddia ediyor. \u0130fadesinde genel olarak olaylara a\u00e7\u0131kl\u0131k kazand\u0131rmama \u00e7abas\u0131 net \u015fekilde g\u00f6r\u00fcl\u00fcyor. Bu da kas\u0131tl\u0131, \u00e7\u00fcnk\u00fc Edda Schmidts kendi s\u00f6zleriyle \u201ebir hain de\u011fil\u201c. Tan\u0131k Kapke&#8217;nin Schmidt&#8217;in ortadan kaybolan NSU \u00fcyeleriyle ilgili bir konu\u015fma d\u00fczenledi\u011fine dair ifadesi bu y\u00fczden tan\u0131k Schmidt&#8217;in inkar\u0131 ile \u00e7\u00fcr\u00fcmeyecek.<\/p>\n<p>Sorgu ayr\u0131ca Nazi camias\u0131nda gen\u00e7 insanlar\u0131n nas\u0131l etki alt\u0131nda b\u0131rak\u0131ld\u0131\u011f\u0131n\u0131 da g\u00f6sterdi: Schmidt iki g\u00fcn boyunca \u201egelenekler\u201c ile, Pagan diniyle ilgili sunum yapm\u0131\u015f, gen\u00e7 insanlara biraz \u201ek\u00fclt\u00fcr\u201c \u00f6\u011fretmek istemi\u015fti. Bu maske alt\u0131mda gen\u00e7 insanlar \u0131rk\u00e7\u0131l\u0131k ve Yahudi d\u00fc\u015fmanl\u0131\u011f\u0131na dayanan ve \u201eCermenleri\u201c \u00fcst\u00fcn millet olarak g\u00f6steren s\u00f6zde bir Pagan dini ile tan\u0131\u015ft\u0131r\u0131l\u0131yorlard\u0131. Babas\u0131 bilinen bir SS \u00fcyesi ve annesi Nasyonal Sosyalist Alman K\u0131z Birli\u011fi&#8217;nde aktif olan ve kendisi de \u00e7ocuklu\u011fundan bu yana Nazi \u00e7evrelerinde bulunan Edda Schmidt gibi insanlar gen\u00e7lere, \u0131rk\u00e7\u0131 \u015fiddet eylemlerini me\u015frula\u015ft\u0131rmak i\u00e7in kullanabilecekleri \u201ek\u00fclt\u00fcrel\u201c temelleri \u00f6\u011fretiyorlard\u0131.<\/p>\n","protected":false},"excerpt":{"rendered":"<p>Bir kez daha soygunlar ve NS \u00e7evrelerinde \u201egeleneklerin korunmas\u0131\u201c Bug\u00fcn\u00fcnilk tan\u0131\u011f\u0131 23.09.2003&#8217;te Uwe B\u00f6hnhardt ve Uwe Mundlos taraf\u0131ndan sald\u0131r\u0131ya u\u011frayan Zwickau&#8217;daki bir Sparkasse&#8217;nin \u00e7ok cesur bir kad\u0131n \u00e7al\u0131\u015fan\u0131yd\u0131. \u0130kiliden biri silah\u0131n\u0131 suratuna vurup di\u011ferine \u201eonu vuray\u0131m m\u0131?\u201c diye sormas\u0131na ra\u011fmen ikilinin kasa dairesine girmesine izin vermemi\u015fti. Bir ba\u015fka kad\u0131n meslekta\u015f\u0131 olaylar\u0131n ak\u0131\u015f\u0131n\u0131 do\u011frulad\u0131, \u015fu\u00e7lular ona [&hellip;]<\/p>\n","protected":false},"author":1,"featured_media":0,"comment_status":"closed","ping_status":"closed","sticky":false,"template":"","format":"standard","meta":{"_s2mail":"yes","footnotes":""},"categories":[1],"tags":[],"class_list":["post-886","post","type-post","status-publish","format-standard","hentry","category-allgemein"],"_links":{"self":[{"href":"https:\/\/www.nsu-nebenklage.de\/tr\/wp-json\/wp\/v2\/posts\/886","targetHints":{"allow":["GET"]}}],"collection":[{"href":"https:\/\/www.nsu-nebenklage.de\/tr\/wp-json\/wp\/v2\/posts"}],"about":[{"href":"https:\/\/www.nsu-nebenklage.de\/tr\/wp-json\/wp\/v2\/types\/post"}],"author":[{"embeddable":true,"href":"https:\/\/www.nsu-nebenklage.de\/tr\/wp-json\/wp\/v2\/users\/1"}],"replies":[{"embeddable":true,"href":"https:\/\/www.nsu-nebenklage.de\/tr\/wp-json\/wp\/v2\/comments?post=886"}],"version-history":[{"count":1,"href":"https:\/\/www.nsu-nebenklage.de\/tr\/wp-json\/wp\/v2\/posts\/886\/revisions"}],"predecessor-version":[{"id":887,"href":"https:\/\/www.nsu-nebenklage.de\/tr\/wp-json\/wp\/v2\/posts\/886\/revisions\/887"}],"wp:attachment":[{"href":"https:\/\/www.nsu-nebenklage.de\/tr\/wp-json\/wp\/v2\/media?parent=886"}],"wp:term":[{"taxonomy":"category","embeddable":true,"href":"https:\/\/www.nsu-nebenklage.de\/tr\/wp-json\/wp\/v2\/categories?post=886"},{"taxonomy":"post_tag","embeddable":true,"href":"https:\/\/www.nsu-nebenklage.de\/tr\/wp-json\/wp\/v2\/tags?post=886"}],"curies":[{"name":"wp","href":"https:\/\/api.w.org\/{rel}","templated":true}]}}