{"id":895,"date":"2015-06-09T23:55:19","date_gmt":"2015-06-09T21:55:19","guid":{"rendered":"http:\/\/www.nsu-nebenklage.de\/tr\/?p=895"},"modified":"2015-06-10T15:06:35","modified_gmt":"2015-06-10T13:06:35","slug":"9-haziran-2015","status":"publish","type":"post","link":"https:\/\/www.nsu-nebenklage.de\/tr\/2015\/06\/09\/9-haziran-2015\/","title":{"rendered":"09.06.2015"},"content":{"rendered":"<h4>\u00dc\u00e7l\u00fcn\u00fcn silahlar\u0131, soygunlar\u0131 ve bir kez daha muhbir Degner hakk\u0131nda<\/h4>\n<p>Bug\u00fcn ilk olarak \u00fc\u00e7l\u00fcn\u00fcn sihalar\u0131, ve \u00f6zellikle de Zwickau Fr\u00fchlingsstra\u00dfe&#8217;deki NSU evine bulunan cephane par\u00e7alar\u0131yla ilgili olarak iki bilirki\u015fi rapor verdi. Cephane par\u00e7alar\u0131n\u0131n (hepsi 6,35mm kalibrelik bir Browning&#8217;e ait), i\u00e7lerinden sadece biri bulunan d\u00f6rt farkl\u0131 silaha ait oldu\u011fu anla\u015f\u0131ld\u0131. Yani NSU&#8217;nun muhtemelen ba\u015fka silahlar\u0131 da vard\u0131. Kovanlardan baz\u0131lar\u0131 Chemnitz&#8217;deki Edeka marketine 1998 y\u0131l\u0131 Aral\u0131k ay\u0131nda yap\u0131lan (ve NSU&#8217;nun ilk sald\u0131r\u0131lar\u0131ndan olan) bir sald\u0131r\u0131ya aitlerdi. Orada arkalar\u0131ndan ko\u015fan bir gence ate\u015f etmi\u015flerdi.<\/p>\n<p>Bunun sonras\u0131nda tan\u0131klar bu sald\u0131r\u0131 ve NSU&#8217;nun di\u011fer sald\u0131r\u0131lar\u0131yla ilgili ifade verdiler. Ba\u015flang\u0131c\u0131 Chemnitz Kriminal Polis&#8217;inden, Chemnitz&#8217;deki birden \u00e7ok sald\u0131r\u0131 hakk\u0131nda soru\u015fturma y\u00fcr\u00fctm\u00fc\u015f olan bir polis memuru yapt\u0131 ve o zamanlarki soru\u015fturmalar\u0131n gidi\u015fat\u0131n\u0131 anlatt\u0131. Ard\u0131ndan 2000 Kas\u0131m ay\u0131nda Chemnitz&#8217;deki bir postaneye yap\u0131lan sald\u0131r\u0131n\u0131n iki tan\u0131\u011f\u0131 geldi.<\/p>\n<p><!--more-->Kimi m\u00fcdahil dava avukatlar\u0131, Th\u00fcringen Anayasay\u0131 Koruma Dairesi&#8217;nden olan ve \u201eBlood and Honour\u201c ba\u015fkan\u0131 muhbir Marcel Degner&#8217;in \u201ey\u00f6neticili\u011fini\u201c yapm\u0131\u015f bir \u00e7al\u0131\u015fan\u0131n tan\u0131k olarak \u00e7a\u011fr\u0131lmas\u0131 i\u00e7in dilek\u00e7e verdi. Degner, daha \u00f6nce anlatt\u0131\u011f\u0131m\u0131z gibi, muhbir oldu\u011funu reddetmi\u015fti. Onunla ilgili dosyalar\u0131n b\u00fcy\u00fck bir k\u0131sm\u0131 o arada Th\u00fcringen&#8217;de imha edilmi\u015fti (bkz. <a href=\"http:\/\/www.nsu-nebenklage.de\/tr\/2015\/03\/11\/11-03-2015\/\" target=\"_blank\">11.03.2015<\/a> ve <a href=\"http:\/\/www.nsu-nebenklage.de\/tr\/2015\/05\/20\/20-05-2015\/\" target=\"_blank\">20.05.2015<\/a> tarihli bloglar), ama kopyalar\u0131 k\u0131smen Federal Anayasay\u0131 Koruma Dairesi&#8217;nde \u201eyeniden bulunmu\u015ftu.\u201c Degner&#8217;e o zamanlar g\u00f6rev vermi\u015f olan bir di\u011fer eski Anayasay\u0131 Koruma Dairesi \u00e7al\u0131\u015fan\u0131 tan\u0131k olarak daha \u00f6nce ifade vermi\u015f ve Degner ile ilgilisi isteksizce konu\u015fmu\u015ftu (bkz. <a href=\"http:\/\/www.nsu-nebenklage.de\/tr\/2015\/04\/22\/22-04-2015\/\" target=\"_blank\">22.04.2015<\/a> tarihli blog). Degner&#8217;in reddedici tavr\u0131 g\u00f6z \u00f6n\u00fcnde tutularak muhbir y\u00f6neticisi hakk\u0131nda o zamanlar verdi\u011fi bilgilerden yararlan\u0131lacak. Bunlar, \u201e\u00dc\u00e7l\u00fc\u201cn\u00fcn Saksonya&#8217;daki \u201eBlood and Honour\u201c camias\u0131 ile olan ba\u011flant\u0131lar\u0131n\u0131n yan\u0131 s\u0131ra onlar\u0131n desteklenmesiyle ilgisi olan ve oturduklar\u0131 yer, faaliyetleri ve ideolojilerinden haberleri olan ki\u015filerin \u00e7oklu\u011funu g\u00f6steriyordu.<\/p>\n<p>Heyet ba\u015fkan\u0131 bunun ard\u0131ndan \u00f6n\u00fcm\u00fczdeki per\u015fembe ve 25.6.2015&#8217;te ger\u00e7ekle\u015ftirilecek olan duru\u015fmalar\u0131n ba\u015fka g\u00fcnler ger\u00e7ekle\u015ftirilece\u011fini duyurdu. San\u0131k Zsch\u00e4pe&#8217;nin durumu dikkate al\u0131narak haftada sadece iki g\u00fcn duru\u015fma g\u00f6r\u00fclmesine devam edilecek \u00e7\u00fcnk\u00fc uzman psikiyatr Prof. Nedopil tatilde ve bu nedenle san\u0131\u011f\u0131n \u201ekorunmas\u0131na\u201c devam edilmesini tavsiye edip etmedi\u011fi bilinmiyor.<\/p>\n","protected":false},"excerpt":{"rendered":"<p>\u00dc\u00e7l\u00fcn\u00fcn silahlar\u0131, soygunlar\u0131 ve bir kez daha muhbir Degner hakk\u0131nda Bug\u00fcn ilk olarak \u00fc\u00e7l\u00fcn\u00fcn sihalar\u0131, ve \u00f6zellikle de Zwickau Fr\u00fchlingsstra\u00dfe&#8217;deki NSU evine bulunan cephane par\u00e7alar\u0131yla ilgili olarak iki bilirki\u015fi rapor verdi. Cephane par\u00e7alar\u0131n\u0131n (hepsi 6,35mm kalibrelik bir Browning&#8217;e ait), i\u00e7lerinden sadece biri bulunan d\u00f6rt farkl\u0131 silaha ait oldu\u011fu anla\u015f\u0131ld\u0131. Yani NSU&#8217;nun muhtemelen ba\u015fka silahlar\u0131 da [&hellip;]<\/p>\n","protected":false},"author":1,"featured_media":0,"comment_status":"closed","ping_status":"closed","sticky":false,"template":"","format":"standard","meta":{"_s2mail":"yes","footnotes":""},"categories":[1],"tags":[],"class_list":["post-895","post","type-post","status-publish","format-standard","hentry","category-allgemein"],"_links":{"self":[{"href":"https:\/\/www.nsu-nebenklage.de\/tr\/wp-json\/wp\/v2\/posts\/895","targetHints":{"allow":["GET"]}}],"collection":[{"href":"https:\/\/www.nsu-nebenklage.de\/tr\/wp-json\/wp\/v2\/posts"}],"about":[{"href":"https:\/\/www.nsu-nebenklage.de\/tr\/wp-json\/wp\/v2\/types\/post"}],"author":[{"embeddable":true,"href":"https:\/\/www.nsu-nebenklage.de\/tr\/wp-json\/wp\/v2\/users\/1"}],"replies":[{"embeddable":true,"href":"https:\/\/www.nsu-nebenklage.de\/tr\/wp-json\/wp\/v2\/comments?post=895"}],"version-history":[{"count":2,"href":"https:\/\/www.nsu-nebenklage.de\/tr\/wp-json\/wp\/v2\/posts\/895\/revisions"}],"predecessor-version":[{"id":898,"href":"https:\/\/www.nsu-nebenklage.de\/tr\/wp-json\/wp\/v2\/posts\/895\/revisions\/898"}],"wp:attachment":[{"href":"https:\/\/www.nsu-nebenklage.de\/tr\/wp-json\/wp\/v2\/media?parent=895"}],"wp:term":[{"taxonomy":"category","embeddable":true,"href":"https:\/\/www.nsu-nebenklage.de\/tr\/wp-json\/wp\/v2\/categories?post=895"},{"taxonomy":"post_tag","embeddable":true,"href":"https:\/\/www.nsu-nebenklage.de\/tr\/wp-json\/wp\/v2\/tags?post=895"}],"curies":[{"name":"wp","href":"https:\/\/api.w.org\/{rel}","templated":true}]}}