{"id":903,"date":"2015-06-17T20:45:53","date_gmt":"2015-06-17T18:45:53","guid":{"rendered":"http:\/\/www.nsu-nebenklage.de\/tr\/?p=903"},"modified":"2015-06-17T20:46:36","modified_gmt":"2015-06-17T18:46:36","slug":"17-06-2015","status":"publish","type":"post","link":"https:\/\/www.nsu-nebenklage.de\/tr\/2015\/06\/17\/17-06-2015\/","title":{"rendered":"17.06.2015"},"content":{"rendered":"<h4>Muhbir y\u00f6neticisi Temme&#8217;nin i\u015f arkada\u015flar\u0131yla yapt\u0131\u011f\u0131 ve dinlenen telefon g\u00f6r\u00fc\u015fmeleri hakk\u0131nda<\/h4>\n<p>Bug\u00fcn Hessen Anayasay\u0131 Koruma Dairesi&#8217;nden muhbir y\u00f6neticisi Temme&#8217;nin, 2006 y\u0131l\u0131 Nisan ve May\u0131s aylar\u0131nda Halit Yozgat cinayetinin san\u0131\u011f\u0131 olarak Kassel&#8217;de bulundu\u011fu s\u0131rada onunla telefonla\u015fm\u0131\u015f olan \u00fc\u00e7 eski i\u015f arkada\u015f\u0131 sorguland\u0131.<\/p>\n<p>Temme, 9 May\u0131s 2006&#8217;da amiri Muth ile telefonla\u015farak Temme&#8217;nin bildirece\u011fi resmi bir g\u00f6r\u00fc\u015f hakk\u0131nda konu\u015fmu\u015flard\u0131. Muth ona \u00f6nce olay\u0131 oldu\u011fu gibi anlatmas\u0131n\u0131 tavsiye etmi\u015f, ama daha sonra bu dedi\u011fini hemen geri alarak Temme&#8217;ye onun yerine \u00f6nce Gizli Servis&#8217;ten Hess ile ba\u011flant\u0131 kurmas\u0131n\u0131 \u00f6nermi\u015fti.<\/p>\n<p>2 ve 15 May\u0131s 2006&#8217;te Temme Fehling ile telefonla\u015fm\u0131\u015ft\u0131. Fehling ilk konu\u015fmada Eyalet Anayasay\u0131 Koruma Dairesi&#8217;nin polis soru\u015fturmalar\u0131n\u0131 engellemek ve y\u00f6nlendirmek i\u00e7in hangi \u00f6nlemler ald\u0131\u011f\u0131n\u0131 anlatm\u0131\u015ft\u0131: Polisin, kaynaklar\u0131na eri\u015fememesi ve Temme&#8217;nin konuyla ba\u011flant\u0131l\u0131 raporlar\u0131ndan haberi olmamas\u0131 sa\u011flanm\u0131\u015ft\u0131. Fehling bunun sonras\u0131nda polisin Temme ile <!--more-->yapmay\u0131 planlad\u0131\u011f\u0131 bir olay yeri ziyareti ile ilgili olarak kelimesi kelimesine \u015funlar\u0131 demi\u015fti: \u201e\u00d6yle d\u00fc\u015f\u00fcnm\u00fc\u015ft\u00fcm: Onu g\u00f6t\u00fcr\u00fcrlerse \u00f6l\u00fcr. Ama \u2013 Tanr\u0131&#8217;ya \u015f\u00fck\u00fcr- seni g\u00f6t\u00fcrmediler, ha?\u201c Fehling ikinci konu\u015fmada ise rapor vermi\u015fti bile: \u201e\u0130\u015fte, her \u015fey sakin, hepsi, i\u015fte, her \u015fey plana g\u00f6re ilerliyor ve nas\u0131l devam edece\u011fini art\u0131k beklemek durumunday\u0131z.\u201c<\/p>\n<p>Tan\u0131k Hartm\u00fcller, hen\u00fcz 28.04.2006&#8217;da Temme ile konu\u015fmu\u015f ve \u201ed\u0131\u015far\u0131dan kimsenin bu konuda en ufak bir \u015fey bile bilmemesi gerekti\u011fini\u201c vurgulam\u0131\u015ft\u0131.<\/p>\n<p>Tan\u0131klar beklendi\u011fi gibi a\u00e7\u0131klamalar\u0131n\u0131n i\u00e7eri\u011fini olabildi\u011fince bo\u015faltmaya \u00e7al\u0131\u015ft\u0131lar. Ama bunu pek ba\u015faramad\u0131lar. Ana duru\u015fmada dinletilen konu\u015fmalar\u0131 bug\u00fcnk\u00fc a\u00e7\u0131klamalarla masum g\u00f6stermek m\u00fcmk\u00fcn de\u011fil.<\/p>\n<p>\u00d6zellikle dikkat \u00e7ekici olan ise, tan\u0131klar\u0131n polisin de telefonlar\u0131 k\u0131smen dinledi\u011fini olas\u0131 bulmalar\u0131yd\u0131. Bu da konu\u015fmalardaki belirsiz ifadeleri a\u00e7\u0131kl\u0131yordu.<\/p>\n<p>Tan\u0131k Fehling, Temme&#8217;nin zaten bilinen Neonazi Benjamin G\u00e4rtner&#8217;in yan\u0131nda \u201esa\u011f camiadan\u201c ikinci bir muhbiri oldu\u011fu bilgisini de verdi. Bu da yeniden, Temme ger\u00e7ekten tesad\u00fcfen mi olay yerindeydi yoksa belki de kendisini konu hakk\u0131nda bir \u015fey s\u00f6ylenmi\u015f miydi sorusunu ortaya at\u0131yordu.<\/p>\n<p>Nihayetinde yaln\u0131zca Temme&#8217;ye kar\u015f\u0131 y\u00fcr\u00fct\u00fclen soru\u015fturman\u0131n t\u00fcm dosyalar\u0131 ve belgelerinin eksiksiz \u015fekilde a\u00e7\u0131klanmas\u0131 durumunda Kassel&#8217;deki olaya a\u00e7\u0131kl\u0131k kazand\u0131rabilece\u011fi belli oldu. Dosyalara bak\u0131lmas\u0131n\u0131n reddedilmesi, olaylar\u0131n ayd\u0131nl\u0131\u011fa kavu\u015fturulmas\u0131n\u0131 engelliyor ve davan\u0131n uzamas\u0131na ve delillerin toplanmas\u0131n\u0131n yava\u015flamas\u0131na neden oluyor. Oysa ki bu problem kolayl\u0131kla \u00e7\u00f6z\u00fclebilir.<\/p>\n<p>Beate Zsch\u00e4pe&#8217;nin Anja Sturm&#8217;un g\u00f6revden al\u0131nmas\u0131 i\u00e7in verdi\u011fi dilek\u00e7e hakk\u0131nda karar verilmesi de, Zsch\u00e4pe bir kez daha kendisine verilen m\u00fcddetin uzat\u0131lmas\u0131n\u0131 istedi\u011fi i\u00e7in gecikiyor. Belli ki \u015fu ana kadar, nas\u0131l devam edece\u011fine gerekti\u011fi takdirde bir avukat\u0131n yard\u0131m\u0131yla karar verecek durumda de\u011fildi. Savunma \u00fc\u00e7l\u00fcs\u00fcne kar\u015f\u0131 bug\u00fcn de t\u00fcm duru\u015fma boyunca \u00e7ok reddedici bir tav\u0131r sergiledi.<\/p>\n","protected":false},"excerpt":{"rendered":"<p>Muhbir y\u00f6neticisi Temme&#8217;nin i\u015f arkada\u015flar\u0131yla yapt\u0131\u011f\u0131 ve dinlenen telefon g\u00f6r\u00fc\u015fmeleri hakk\u0131nda Bug\u00fcn Hessen Anayasay\u0131 Koruma Dairesi&#8217;nden muhbir y\u00f6neticisi Temme&#8217;nin, 2006 y\u0131l\u0131 Nisan ve May\u0131s aylar\u0131nda Halit Yozgat cinayetinin san\u0131\u011f\u0131 olarak Kassel&#8217;de bulundu\u011fu s\u0131rada onunla telefonla\u015fm\u0131\u015f olan \u00fc\u00e7 eski i\u015f arkada\u015f\u0131 sorguland\u0131. Temme, 9 May\u0131s 2006&#8217;da amiri Muth ile telefonla\u015farak Temme&#8217;nin bildirece\u011fi resmi bir g\u00f6r\u00fc\u015f hakk\u0131nda [&hellip;]<\/p>\n","protected":false},"author":1,"featured_media":0,"comment_status":"closed","ping_status":"closed","sticky":false,"template":"","format":"standard","meta":{"_s2mail":"yes","footnotes":""},"categories":[1],"tags":[],"class_list":["post-903","post","type-post","status-publish","format-standard","hentry","category-allgemein"],"_links":{"self":[{"href":"https:\/\/www.nsu-nebenklage.de\/tr\/wp-json\/wp\/v2\/posts\/903","targetHints":{"allow":["GET"]}}],"collection":[{"href":"https:\/\/www.nsu-nebenklage.de\/tr\/wp-json\/wp\/v2\/posts"}],"about":[{"href":"https:\/\/www.nsu-nebenklage.de\/tr\/wp-json\/wp\/v2\/types\/post"}],"author":[{"embeddable":true,"href":"https:\/\/www.nsu-nebenklage.de\/tr\/wp-json\/wp\/v2\/users\/1"}],"replies":[{"embeddable":true,"href":"https:\/\/www.nsu-nebenklage.de\/tr\/wp-json\/wp\/v2\/comments?post=903"}],"version-history":[{"count":2,"href":"https:\/\/www.nsu-nebenklage.de\/tr\/wp-json\/wp\/v2\/posts\/903\/revisions"}],"predecessor-version":[{"id":905,"href":"https:\/\/www.nsu-nebenklage.de\/tr\/wp-json\/wp\/v2\/posts\/903\/revisions\/905"}],"wp:attachment":[{"href":"https:\/\/www.nsu-nebenklage.de\/tr\/wp-json\/wp\/v2\/media?parent=903"}],"wp:term":[{"taxonomy":"category","embeddable":true,"href":"https:\/\/www.nsu-nebenklage.de\/tr\/wp-json\/wp\/v2\/categories?post=903"},{"taxonomy":"post_tag","embeddable":true,"href":"https:\/\/www.nsu-nebenklage.de\/tr\/wp-json\/wp\/v2\/tags?post=903"}],"curies":[{"name":"wp","href":"https:\/\/api.w.org\/{rel}","templated":true}]}}